{"id":1657,"date":"2019-04-08T10:59:29","date_gmt":"2019-04-08T08:59:29","guid":{"rendered":"http:\/\/agora.xtec.cat\/inscomasisola\/?p=1657"},"modified":"2019-04-08T11:04:12","modified_gmt":"2019-04-08T09:04:12","slug":"visita-al-museu-del-ferrocaril","status":"publish","type":"post","link":"https:\/\/agora.xtec.cat\/inscomasisola\/general\/visita-al-museu-del-ferrocaril\/","title":{"rendered":"Visita al Museu del Ferrocaril"},"content":{"rendered":"<p class=\"Standard\" style=\"text-align: justify; text-justify: inter-ideograph;\"><span lang=\"ES\">El Departament de Socials va organitzar, per primer cop, una visita al <a href=\"https:\/\/www.museudelferrocarril.org\/\">Museu del Ferrocarril de Vilanova i la Geltr\u00fa<\/a>. I vam descobrir moltes coses!! Com ara que el primer ferrocarril espanyol va rodar per l&#8217; illa de Cuba, abans que ho fes el de Matar\u00f3 (1848). Tamb\u00e9 ens va agradar l&#8217;explicaci\u00f3 del professor sobre la import\u00e0ncia de l&#8217;aigua i dels dip\u00f2sits vora les vies. Vam pujar a gaireb\u00e9 les cinquanta locomotores que hi havia. I la cirereta va ser la visita a un comboi Talgo, el gran \u00e8xit de l&#8217;enginyeria ferrovi\u00e0ria espanyola. Despr\u00e9s, com no podia ser d&#8217;una altra manera, en tren cap a casa.<\/span><\/p>\n\n<p>&nbsp;<\/p>\n","protected":false},"excerpt":{"rendered":"<p>El Departament de Socials va organitzar, per primer cop, una visita al <a href=\"https:\/\/www.museudelferrocarril.org\/\">Museu del Ferrocarril de Vilanova i la Geltr\u00fa<\/a>. I vam descobrir moltes coses!! Com ara que el primer ferrocarril espanyol va rodar per l&#8217; illa de Cuba, abans que ho fes el&hellip;  <a href=\"https:\/\/agora.xtec.cat\/inscomasisola\/general\/visita-al-museu-del-ferrocaril\/\" title=\"Read Visita al Museu del Ferrocaril\">Llegeix m\u00e9s\u00bb<\/a><\/p>\n","protected":false},"author":1,"featured_media":1664,"comment_status":"open","ping_status":"closed","sticky":false,"template":"","format":"standard","meta":{"_bbp_topic_count":0,"_bbp_reply_count":0,"_bbp_total_topic_count":0,"_bbp_total_reply_count":0,"_bbp_voice_count":0,"_bbp_anonymous_reply_count":0,"_bbp_topic_count_hidden":0,"_bbp_reply_count_hidden":0,"_bbp_forum_subforum_count":0,"footnotes":""},"categories":[6,1,29],"tags":[],"class_list":["post-1657","post","type-post","status-publish","format-standard","has-post-thumbnail","hentry","category-eso-3","category-general","category-portada"],"post_mailing_queue_ids":[],"_links":{"self":[{"href":"https:\/\/agora.xtec.cat\/inscomasisola\/wp-json\/wp\/v2\/posts\/1657","targetHints":{"allow":["GET"]}}],"collection":[{"href":"https:\/\/agora.xtec.cat\/inscomasisola\/wp-json\/wp\/v2\/posts"}],"about":[{"href":"https:\/\/agora.xtec.cat\/inscomasisola\/wp-json\/wp\/v2\/types\/post"}],"author":[{"embeddable":true,"href":"https:\/\/agora.xtec.cat\/inscomasisola\/wp-json\/wp\/v2\/users\/1"}],"replies":[{"embeddable":true,"href":"https:\/\/agora.xtec.cat\/inscomasisola\/wp-json\/wp\/v2\/comments?post=1657"}],"version-history":[{"count":3,"href":"https:\/\/agora.xtec.cat\/inscomasisola\/wp-json\/wp\/v2\/posts\/1657\/revisions"}],"predecessor-version":[{"id":1667,"href":"https:\/\/agora.xtec.cat\/inscomasisola\/wp-json\/wp\/v2\/posts\/1657\/revisions\/1667"}],"wp:featuredmedia":[{"embeddable":true,"href":"https:\/\/agora.xtec.cat\/inscomasisola\/wp-json\/wp\/v2\/media\/1664"}],"wp:attachment":[{"href":"https:\/\/agora.xtec.cat\/inscomasisola\/wp-json\/wp\/v2\/media?parent=1657"}],"wp:term":[{"taxonomy":"category","embeddable":true,"href":"https:\/\/agora.xtec.cat\/inscomasisola\/wp-json\/wp\/v2\/categories?post=1657"},{"taxonomy":"post_tag","embeddable":true,"href":"https:\/\/agora.xtec.cat\/inscomasisola\/wp-json\/wp\/v2\/tags?post=1657"}],"curies":[{"name":"wp","href":"https:\/\/api.w.org\/{rel}","templated":true}]}}