{"id":1644,"date":"2019-04-03T12:43:36","date_gmt":"2019-04-03T10:43:36","guid":{"rendered":"http:\/\/agora.xtec.cat\/inscomasisola\/?p=1644"},"modified":"2019-04-03T12:48:16","modified_gmt":"2019-04-03T10:48:16","slug":"ultim-dia-de-colonies","status":"publish","type":"post","link":"https:\/\/agora.xtec.cat\/inscomasisola\/general\/ultim-dia-de-colonies\/","title":{"rendered":"\u00daLTIM DIA DE COL\u00d2NIES"},"content":{"rendered":"<p>Arribem a la fi de les col\u00f2nies. Ahir a la nit vam tenir el sopar de gala i la discoteca.<\/p>\n<div dir=\"auto\">Aquest mat\u00ed hem endre\u00e7at les habitacions, hem deixat preparades les maletes i, despr\u00e9s d&#8217;esmorzar, hem vingut al parc acrob\u00e0tic a fer una activitat anomenada Objectiu Mart.<\/div>\n<div dir=\"auto\"><\/div>\n<div dir=\"auto\">Un cop explicades les instruccions i les normes de seguretat, hem iniciat el recorregut.Tot i que al principi feia una mica de vert\u00edgens, tots hem aconseguit superar el repte. L&#8217;ajut entre nosaltres ha estat fonamental per a superar les dificultats.<\/div>\n<div dir=\"auto\"><\/div>\n<div dir=\"auto\">Marxem de <a href=\"http:\/\/www.eixestels.com\/casa-de-colonies\/canvandrell\/\">Can Vandrell<\/a> contents per com ens han tractat els monitors i tamb\u00e9 per totes les experi\u00e8ncies compartides amb els companys i companyes.<\/div>\n<div dir=\"auto\"><\/div>\n<div dir=\"auto\">Tot i que estem una mica tristos perqu\u00e8 avui acabem, sabem que l&#8217;any vinent podrem repetir moltes m\u00e9s aventures a les col\u00f2nies de l&#8217;institut Josep Comas i Sol\u00e0!!<\/div>\n<div dir=\"auto\"><\/div>\n<div dir=\"auto\"><\/div>\n<div dir=\"auto\"><\/div>\n","protected":false},"excerpt":{"rendered":"<p>Arribem a la fi de les col\u00f2nies. Ahir a la nit vam tenir el sopar de gala i la discoteca.<\/p>\n<p>Aquest mat\u00ed hem endre\u00e7at les habitacions, hem deixat preparades les maletes i, despr\u00e9s d&#8217;esmorzar, hem vingut al parc acrob\u00e0tic a fer una activitat anomenada Objectiu Mart.&hellip;  <a href=\"https:\/\/agora.xtec.cat\/inscomasisola\/general\/ultim-dia-de-colonies\/\" title=\"Read \u00daLTIM DIA DE COL\u00d2NIES\">Llegeix m\u00e9s\u00bb<\/a><\/p>\n","protected":false},"author":1,"featured_media":1651,"comment_status":"open","ping_status":"closed","sticky":false,"template":"","format":"standard","meta":{"_bbp_topic_count":0,"_bbp_reply_count":0,"_bbp_total_topic_count":0,"_bbp_total_reply_count":0,"_bbp_voice_count":0,"_bbp_anonymous_reply_count":0,"_bbp_topic_count_hidden":0,"_bbp_reply_count_hidden":0,"_bbp_forum_subforum_count":0,"footnotes":""},"categories":[4,5,6,1,29],"tags":[],"class_list":["post-1644","post","type-post","status-publish","format-standard","has-post-thumbnail","hentry","category-eso-1","category-eso-2","category-eso-3","category-general","category-portada"],"post_mailing_queue_ids":[],"_links":{"self":[{"href":"https:\/\/agora.xtec.cat\/inscomasisola\/wp-json\/wp\/v2\/posts\/1644","targetHints":{"allow":["GET"]}}],"collection":[{"href":"https:\/\/agora.xtec.cat\/inscomasisola\/wp-json\/wp\/v2\/posts"}],"about":[{"href":"https:\/\/agora.xtec.cat\/inscomasisola\/wp-json\/wp\/v2\/types\/post"}],"author":[{"embeddable":true,"href":"https:\/\/agora.xtec.cat\/inscomasisola\/wp-json\/wp\/v2\/users\/1"}],"replies":[{"embeddable":true,"href":"https:\/\/agora.xtec.cat\/inscomasisola\/wp-json\/wp\/v2\/comments?post=1644"}],"version-history":[{"count":3,"href":"https:\/\/agora.xtec.cat\/inscomasisola\/wp-json\/wp\/v2\/posts\/1644\/revisions"}],"predecessor-version":[{"id":1654,"href":"https:\/\/agora.xtec.cat\/inscomasisola\/wp-json\/wp\/v2\/posts\/1644\/revisions\/1654"}],"wp:featuredmedia":[{"embeddable":true,"href":"https:\/\/agora.xtec.cat\/inscomasisola\/wp-json\/wp\/v2\/media\/1651"}],"wp:attachment":[{"href":"https:\/\/agora.xtec.cat\/inscomasisola\/wp-json\/wp\/v2\/media?parent=1644"}],"wp:term":[{"taxonomy":"category","embeddable":true,"href":"https:\/\/agora.xtec.cat\/inscomasisola\/wp-json\/wp\/v2\/categories?post=1644"},{"taxonomy":"post_tag","embeddable":true,"href":"https:\/\/agora.xtec.cat\/inscomasisola\/wp-json\/wp\/v2\/tags?post=1644"}],"curies":[{"name":"wp","href":"https:\/\/api.w.org\/{rel}","templated":true}]}}