{"id":1578,"date":"2019-03-18T15:20:42","date_gmt":"2019-03-18T14:20:42","guid":{"rendered":"http:\/\/agora.xtec.cat\/inscomasisola\/?p=1578"},"modified":"2019-03-25T15:21:57","modified_gmt":"2019-03-25T14:21:57","slug":"dances-africanes-al-caixa-forum","status":"publish","type":"post","link":"https:\/\/agora.xtec.cat\/inscomasisola\/general\/dances-africanes-al-caixa-forum\/","title":{"rendered":"DANCES AFRICANES AL CAIXA FORUM"},"content":{"rendered":"<p>Aquest dilluns, dia 18 de mar\u00e7, els grups de 1r, 2n i 4t d&#8217;ESO hem gaudit d&#8217;un espectacle de M\u00fasica per Danza Africana al CaixaForum. Ens ha agradat molt. Hem apr\u00e8s sobre aspectes interessant de la m\u00fasica, cultura i costums de Senegal. Hem disfrutat tots junts d&#8217;aquest mat\u00ed fora de les aules. La foto final de grup era de rigor!<\/p>\n<p style=\"text-align: center;\"><a href=\"https:\/\/agora.xtec.cat\/inscomasisola\/wp-content\/uploads\/usu1298\/2019\/03\/DANCES-AL-CAIXA-FORUM.jpg\"><img loading=\"lazy\" decoding=\"async\" class=\"aligncenter wp-image-1579 size-medium\" src=\"https:\/\/agora.xtec.cat\/inscomasisola\/wp-content\/uploads\/usu1298\/2019\/03\/DANCES-AL-CAIXA-FORUM-e1553523631121-300x156.jpg\" alt=\"\" width=\"300\" height=\"156\" srcset=\"https:\/\/agora.xtec.cat\/inscomasisola\/wp-content\/uploads\/usu1298\/2019\/03\/DANCES-AL-CAIXA-FORUM-e1553523631121-300x156.jpg 300w, https:\/\/agora.xtec.cat\/inscomasisola\/wp-content\/uploads\/usu1298\/2019\/03\/DANCES-AL-CAIXA-FORUM-e1553523631121-768x400.jpg 768w, https:\/\/agora.xtec.cat\/inscomasisola\/wp-content\/uploads\/usu1298\/2019\/03\/DANCES-AL-CAIXA-FORUM-e1553523631121-1024x533.jpg 1024w, https:\/\/agora.xtec.cat\/inscomasisola\/wp-content\/uploads\/usu1298\/2019\/03\/DANCES-AL-CAIXA-FORUM-e1553523631121.jpg 1222w\" sizes=\"auto, (max-width: 300px) 100vw, 300px\" \/><\/a><\/p>\n","protected":false},"excerpt":{"rendered":"<p>Aquest dilluns, dia 18 de mar\u00e7, els grups de 1r, 2n i 4t d&#8217;ESO hem gaudit d&#8217;un espectacle de M\u00fasica per Danza Africana al CaixaForum. Ens ha agradat molt. Hem apr\u00e8s sobre aspectes interessant de la m\u00fasica, cultura i costums de Senegal. Hem disfrutat tots&hellip;  <a href=\"https:\/\/agora.xtec.cat\/inscomasisola\/general\/dances-africanes-al-caixa-forum\/\" title=\"Read DANCES AFRICANES AL CAIXA FORUM\">Llegeix m\u00e9s\u00bb<\/a><\/p>\n","protected":false},"author":1,"featured_media":1579,"comment_status":"open","ping_status":"closed","sticky":false,"template":"","format":"standard","meta":{"_bbp_topic_count":0,"_bbp_reply_count":0,"_bbp_total_topic_count":0,"_bbp_total_reply_count":0,"_bbp_voice_count":0,"_bbp_anonymous_reply_count":0,"_bbp_topic_count_hidden":0,"_bbp_reply_count_hidden":0,"_bbp_forum_subforum_count":0,"footnotes":""},"categories":[4,5,7,1,29],"tags":[],"class_list":["post-1578","post","type-post","status-publish","format-standard","has-post-thumbnail","hentry","category-eso-1","category-eso-2","category-eso-4","category-general","category-portada"],"post_mailing_queue_ids":[],"_links":{"self":[{"href":"https:\/\/agora.xtec.cat\/inscomasisola\/wp-json\/wp\/v2\/posts\/1578","targetHints":{"allow":["GET"]}}],"collection":[{"href":"https:\/\/agora.xtec.cat\/inscomasisola\/wp-json\/wp\/v2\/posts"}],"about":[{"href":"https:\/\/agora.xtec.cat\/inscomasisola\/wp-json\/wp\/v2\/types\/post"}],"author":[{"embeddable":true,"href":"https:\/\/agora.xtec.cat\/inscomasisola\/wp-json\/wp\/v2\/users\/1"}],"replies":[{"embeddable":true,"href":"https:\/\/agora.xtec.cat\/inscomasisola\/wp-json\/wp\/v2\/comments?post=1578"}],"version-history":[{"count":1,"href":"https:\/\/agora.xtec.cat\/inscomasisola\/wp-json\/wp\/v2\/posts\/1578\/revisions"}],"predecessor-version":[{"id":1580,"href":"https:\/\/agora.xtec.cat\/inscomasisola\/wp-json\/wp\/v2\/posts\/1578\/revisions\/1580"}],"wp:featuredmedia":[{"embeddable":true,"href":"https:\/\/agora.xtec.cat\/inscomasisola\/wp-json\/wp\/v2\/media\/1579"}],"wp:attachment":[{"href":"https:\/\/agora.xtec.cat\/inscomasisola\/wp-json\/wp\/v2\/media?parent=1578"}],"wp:term":[{"taxonomy":"category","embeddable":true,"href":"https:\/\/agora.xtec.cat\/inscomasisola\/wp-json\/wp\/v2\/categories?post=1578"},{"taxonomy":"post_tag","embeddable":true,"href":"https:\/\/agora.xtec.cat\/inscomasisola\/wp-json\/wp\/v2\/tags?post=1578"}],"curies":[{"name":"wp","href":"https:\/\/api.w.org\/{rel}","templated":true}]}}