{"id":157,"date":"2015-06-04T21:16:45","date_gmt":"2015-06-04T19:16:45","guid":{"rendered":"http:\/\/blocs.xtec.cat\/mediaciojosepcomas\/?p=157"},"modified":"2016-05-30T09:54:41","modified_gmt":"2016-05-30T08:54:41","slug":"que-ens-aporta-la-mediacio-reflexions-finals","status":"publish","type":"post","link":"https:\/\/agora.xtec.cat\/inscomasisola\/general\/que-ens-aporta-la-mediacio-reflexions-finals\/","title":{"rendered":"QU\u00c8 ENS APORTA LA MEDIACI\u00d3? REFLEXIONS FINALS"},"content":{"rendered":"<p><a href=\"http:\/\/agora.xtec.cat\/inscomasisola\/wp-content\/uploads\/usu1298\/2015\/05\/MEDIACIO.gif\"><img loading=\"lazy\" decoding=\"async\" class=\"alignnone size-medium wp-image-138\" src=\"http:\/\/agora.xtec.cat\/inscomasisola\/wp-content\/uploads\/usu1298\/2015\/05\/MEDIACIO-300x63.gif\" alt=\"MEDIACIO\" width=\"300\" height=\"63\" \/><\/a><\/p>\n<p>&#8220;Aconseguim que hi hagi pau i fer un m\u00f3n millor.Encara que sigui dif\u00edcil,val la pena intentar-ho i, el m\u00e9s important, ser feli\u00e7!&#8221;<br \/>\n(Andrea Rosales 2n ESO)<\/p>\n<p>&#8221; Ens ajuda a no perdre relacions amb els altres&#8221;<br \/>\n(Sara Zetouni 2n ESO)<\/p>\n<p>&#8220;Sent mediador tens la satisfacci\u00f3 de poder ajudar a qui ho necessita&#8221;<br \/>\n(Ivet Guti\u00e9rrez 4art ESO)<\/p>\n<p>&#8220;Podem ensenyar als alumnes amb conflictes que es poden solucionar les coses parlant&#8221;<br \/>\n(Qasim Ali 1er ESO)<\/p>\n<p>&#8220;Fer servir la Mediaci\u00f3 ajuda a no trencar amistats&#8221;<br \/>\n(Mohsin Ali 3r ESO)<\/p>\n<p>&#8220;La Mediaci\u00f3 fa que em senti b\u00e9 amb mi mateixa si veig que he pogut solucionar el conflicte&#8221;<br \/>\n(Lucia Torres 2n ESO)<\/p>\n<p>&#8220;Aconseguim que les persones es sentin b\u00e9&#8221;<br \/>\n(Estefania Agudelo 2n ESO)<\/p>\n<p>&#8220;\u00c9s bo perqu\u00e8 aprenem a respectar als altres i els podem ajudar&#8221;<br \/>\n(Sobia Kanwal 2n ESO)<\/p>\n<p>&#8220;Col.laborar en qu\u00e8 els companys puguin resoldre els seus problemes i no perdin l&#8217;amistat&#8221;<br \/>\n(Zain Hassan 3r ESO)<\/p>\n<p>&#8220;Aprenem a solucionar els conflictes dialogant&#8221;<br \/>\n(David Targarona 3r ESO)<\/p>\n","protected":false},"excerpt":{"rendered":"<p><a href=\"http:\/\/agora.xtec.cat\/inscomasisola\/wp-content\/uploads\/usu1298\/2015\/05\/MEDIACIO.gif\"><\/a><br \/>\n&#8220;Aconseguim que hi hagi pau i fer un m\u00f3n millor.Encara que sigui dif\u00edcil,val la pena intentar-ho i, el m\u00e9s important, ser feli\u00e7!&#8221;<br \/>\n(Andrea Rosales 2n ESO)<br \/>\n&#8221; Ens ajuda a no perdre relacions amb els altres&#8221;<br \/>\n(Sara Zetouni 2n ESO)<br \/>\n&#8220;Sent mediador tens la satisfacci\u00f3 de poder ajudar&hellip;  <a href=\"https:\/\/agora.xtec.cat\/inscomasisola\/general\/que-ens-aporta-la-mediacio-reflexions-finals\/\" title=\"Read QU\u00c8 ENS APORTA LA MEDIACI\u00d3? REFLEXIONS FINALS\">Llegeix m\u00e9s\u00bb<\/a><\/p>\n","protected":false},"author":3,"featured_media":138,"comment_status":"open","ping_status":"open","sticky":false,"template":"","format":"standard","meta":{"_bbp_topic_count":0,"_bbp_reply_count":0,"_bbp_total_topic_count":0,"_bbp_total_reply_count":0,"_bbp_voice_count":0,"_bbp_anonymous_reply_count":0,"_bbp_topic_count_hidden":0,"_bbp_reply_count_hidden":0,"_bbp_forum_subforum_count":0,"footnotes":""},"categories":[1,69],"tags":[70],"class_list":["post-157","post","type-post","status-publish","format-standard","has-post-thumbnail","hentry","category-general","category-mediacio","tag-mediacio"],"post_mailing_queue_ids":[],"_links":{"self":[{"href":"https:\/\/agora.xtec.cat\/inscomasisola\/wp-json\/wp\/v2\/posts\/157","targetHints":{"allow":["GET"]}}],"collection":[{"href":"https:\/\/agora.xtec.cat\/inscomasisola\/wp-json\/wp\/v2\/posts"}],"about":[{"href":"https:\/\/agora.xtec.cat\/inscomasisola\/wp-json\/wp\/v2\/types\/post"}],"author":[{"embeddable":true,"href":"https:\/\/agora.xtec.cat\/inscomasisola\/wp-json\/wp\/v2\/users\/3"}],"replies":[{"embeddable":true,"href":"https:\/\/agora.xtec.cat\/inscomasisola\/wp-json\/wp\/v2\/comments?post=157"}],"version-history":[{"count":2,"href":"https:\/\/agora.xtec.cat\/inscomasisola\/wp-json\/wp\/v2\/posts\/157\/revisions"}],"predecessor-version":[{"id":707,"href":"https:\/\/agora.xtec.cat\/inscomasisola\/wp-json\/wp\/v2\/posts\/157\/revisions\/707"}],"wp:featuredmedia":[{"embeddable":true,"href":"https:\/\/agora.xtec.cat\/inscomasisola\/wp-json\/wp\/v2\/media\/138"}],"wp:attachment":[{"href":"https:\/\/agora.xtec.cat\/inscomasisola\/wp-json\/wp\/v2\/media?parent=157"}],"wp:term":[{"taxonomy":"category","embeddable":true,"href":"https:\/\/agora.xtec.cat\/inscomasisola\/wp-json\/wp\/v2\/categories?post=157"},{"taxonomy":"post_tag","embeddable":true,"href":"https:\/\/agora.xtec.cat\/inscomasisola\/wp-json\/wp\/v2\/tags?post=157"}],"curies":[{"name":"wp","href":"https:\/\/api.w.org\/{rel}","templated":true}]}}