{"id":149,"date":"2015-06-01T17:56:26","date_gmt":"2015-06-01T15:56:26","guid":{"rendered":"http:\/\/blocs.xtec.cat\/mediaciojosepcomas\/?p=149"},"modified":"2016-05-30T10:06:52","modified_gmt":"2016-05-30T09:06:52","slug":"noticia-consorci-deducacio-trobada-mediadors-2015","status":"publish","type":"post","link":"https:\/\/agora.xtec.cat\/inscomasisola\/general\/noticia-consorci-deducacio-trobada-mediadors-2015\/","title":{"rendered":"NOTICIA CONSORCI D&#8217;EDUCACI\u00d3 TROBADA MEDIADORS 2015"},"content":{"rendered":"<p>&nbsp;<\/p>\n<p><a href=\"http:\/\/agora.xtec.cat\/inscomasisola\/wp-content\/uploads\/usu1298\/2015\/06\/jornada_mediacio_2015_21.jpg\"><img loading=\"lazy\" decoding=\"async\" class=\"alignnone size-medium wp-image-152\" src=\"http:\/\/agora.xtec.cat\/inscomasisola\/wp-content\/uploads\/usu1298\/2015\/06\/jornada_mediacio_2015_21-300x199.jpg\" alt=\"jornada_mediacio_2015_2(1)\" width=\"300\" height=\"199\" srcset=\"https:\/\/agora.xtec.cat\/inscomasisola\/wp-content\/uploads\/usu1298\/2015\/06\/jornada_mediacio_2015_21-300x199.jpg 300w, https:\/\/agora.xtec.cat\/inscomasisola\/wp-content\/uploads\/usu1298\/2015\/06\/jornada_mediacio_2015_21.jpg 600w\" sizes=\"auto, (max-width: 300px) 100vw, 300px\" \/><\/a><br \/>\n<a href=\"http:\/\/agora.xtec.cat\/inscomasisola\/wp-content\/uploads\/usu1298\/2015\/06\/jornada_mediacio_2015_4.jpg\"><img loading=\"lazy\" decoding=\"async\" class=\"alignnone size-medium wp-image-154\" src=\"http:\/\/agora.xtec.cat\/inscomasisola\/wp-content\/uploads\/usu1298\/2015\/06\/jornada_mediacio_2015_4-300x199.jpg\" alt=\"jornada_mediacio_2015_4\" width=\"300\" height=\"199\" \/><\/a><\/p>\n<p>EL CONSORCI HA PUBLICAT UNA NOTICIA EXPLICANT LA TROBADA D&#8217;ALUMNAT MEDIADOR A LA QUE VAM ASSISTIR EL PASSAT 13 DE MAIG.SI US FIXEU B\u00c9 VEUREU QUE SORTIM A LES FOTOGRAFIES QUE ES VAN FER A LA SALA D&#8217;ACTES.<\/p>\n<p>PODEU ACCEDIR A LA NOTICIA A TRAV\u00c9S DEL SEG\u00dcENT ENLLA\u00c7<\/p>\n<p>http:\/\/www.edubcn.cat\/ca\/noticies\/detall?46777<\/p>\n","protected":false},"excerpt":{"rendered":"<p>&nbsp;<br \/>\n<a href=\"http:\/\/agora.xtec.cat\/inscomasisola\/wp-content\/uploads\/usu1298\/2015\/06\/jornada_mediacio_2015_21.jpg\"><\/a><br \/>\n<a href=\"http:\/\/agora.xtec.cat\/inscomasisola\/wp-content\/uploads\/usu1298\/2015\/06\/jornada_mediacio_2015_4.jpg\"><\/a><br \/>\nEL CONSORCI HA PUBLICAT UNA NOTICIA EXPLICANT LA TROBADA D&#8217;ALUMNAT MEDIADOR A LA QUE VAM ASSISTIR EL PASSAT 13 DE MAIG.SI US FIXEU B\u00c9 VEUREU QUE SORTIM A LES FOTOGRAFIES QUE ES VAN FER A LA SALA D&#8217;ACTES.<br \/>\nPODEU ACCEDIR A LA NOTICIA A&hellip;  <a href=\"https:\/\/agora.xtec.cat\/inscomasisola\/general\/noticia-consorci-deducacio-trobada-mediadors-2015\/\" title=\"Read NOTICIA CONSORCI D&#8217;EDUCACI\u00d3 TROBADA MEDIADORS 2015\">Llegeix m\u00e9s\u00bb<\/a><\/p>\n","protected":false},"author":3,"featured_media":581,"comment_status":"open","ping_status":"open","sticky":false,"template":"","format":"standard","meta":{"_bbp_topic_count":0,"_bbp_reply_count":0,"_bbp_total_topic_count":0,"_bbp_total_reply_count":0,"_bbp_voice_count":0,"_bbp_anonymous_reply_count":0,"_bbp_topic_count_hidden":0,"_bbp_reply_count_hidden":0,"_bbp_forum_subforum_count":0,"footnotes":""},"categories":[1,69],"tags":[70],"class_list":["post-149","post","type-post","status-publish","format-standard","has-post-thumbnail","hentry","category-general","category-mediacio","tag-mediacio"],"post_mailing_queue_ids":[],"_links":{"self":[{"href":"https:\/\/agora.xtec.cat\/inscomasisola\/wp-json\/wp\/v2\/posts\/149","targetHints":{"allow":["GET"]}}],"collection":[{"href":"https:\/\/agora.xtec.cat\/inscomasisola\/wp-json\/wp\/v2\/posts"}],"about":[{"href":"https:\/\/agora.xtec.cat\/inscomasisola\/wp-json\/wp\/v2\/types\/post"}],"author":[{"embeddable":true,"href":"https:\/\/agora.xtec.cat\/inscomasisola\/wp-json\/wp\/v2\/users\/3"}],"replies":[{"embeddable":true,"href":"https:\/\/agora.xtec.cat\/inscomasisola\/wp-json\/wp\/v2\/comments?post=149"}],"version-history":[{"count":3,"href":"https:\/\/agora.xtec.cat\/inscomasisola\/wp-json\/wp\/v2\/posts\/149\/revisions"}],"predecessor-version":[{"id":711,"href":"https:\/\/agora.xtec.cat\/inscomasisola\/wp-json\/wp\/v2\/posts\/149\/revisions\/711"}],"wp:featuredmedia":[{"embeddable":true,"href":"https:\/\/agora.xtec.cat\/inscomasisola\/wp-json\/wp\/v2\/media\/581"}],"wp:attachment":[{"href":"https:\/\/agora.xtec.cat\/inscomasisola\/wp-json\/wp\/v2\/media?parent=149"}],"wp:term":[{"taxonomy":"category","embeddable":true,"href":"https:\/\/agora.xtec.cat\/inscomasisola\/wp-json\/wp\/v2\/categories?post=149"},{"taxonomy":"post_tag","embeddable":true,"href":"https:\/\/agora.xtec.cat\/inscomasisola\/wp-json\/wp\/v2\/tags?post=149"}],"curies":[{"name":"wp","href":"https:\/\/api.w.org\/{rel}","templated":true}]}}