{"id":1469,"date":"2019-03-06T14:41:19","date_gmt":"2019-03-06T13:41:19","guid":{"rendered":"http:\/\/agora.xtec.cat\/inscomasisola\/?p=1469"},"modified":"2019-03-06T14:51:26","modified_gmt":"2019-03-06T13:51:26","slug":"sessions-informatives-del-consorci-deducacio-per-la-preinscripcio-de-1r-deso-a-trinitat-vella","status":"publish","type":"post","link":"https:\/\/agora.xtec.cat\/inscomasisola\/general\/sessions-informatives-del-consorci-deducacio-per-la-preinscripcio-de-1r-deso-a-trinitat-vella\/","title":{"rendered":"SESSIONS INFORMATIVES DEL CONSORCI D`EDUCACI\u00d3 PER LA PREINSCRIPCI\u00d3 DE 1r D&#8217;ESO A TRINITAT VELLA"},"content":{"rendered":"<p>&nbsp;<\/p>\n<p><a href=\"https:\/\/agora.xtec.cat\/inscomasisola\/wp-content\/uploads\/usu1298\/2019\/03\/iNFORMACI\u00d3-ceb-1-GRAN.jpg\"><img loading=\"lazy\" decoding=\"async\" class=\" wp-image-1478 alignleft\" src=\"https:\/\/agora.xtec.cat\/inscomasisola\/wp-content\/uploads\/usu1298\/2019\/03\/iNFORMACI\u00d3-ceb-1-GRAN-300x150.jpg\" alt=\"\" width=\"316\" height=\"158\" srcset=\"https:\/\/agora.xtec.cat\/inscomasisola\/wp-content\/uploads\/usu1298\/2019\/03\/iNFORMACI\u00d3-ceb-1-GRAN-300x150.jpg 300w, https:\/\/agora.xtec.cat\/inscomasisola\/wp-content\/uploads\/usu1298\/2019\/03\/iNFORMACI\u00d3-ceb-1-GRAN.jpg 757w\" sizes=\"auto, (max-width: 316px) 100vw, 316px\" \/><\/a>Sessions informatives organitzades pel Consorci d\u2019Educaci\u00f3 a cada districte municipal adre\u00e7ades a les fam\u00edlies amb infants que han d\u2019iniciar l\u2019escolaritat el curs 2019-2020<\/p>\n<p>&nbsp;<\/p>\n<p>&nbsp;<\/p>\n<p><strong>Reuni\u00f3 1r d&#8217;ESO<\/strong><\/p>\n<table style=\"border-collapse: collapse; width: 95.0101%; height: 83px;\" border=\"1\">\n<tbody>\n<tr>\n<td style=\"width: 20%; text-align: center;\"><strong>Districte<\/strong><\/td>\n<td style=\"width: 20%; text-align: center;\"><strong>Data<\/strong><\/td>\n<td style=\"width: 20%; text-align: center;\"><strong>Lloc<\/strong><\/td>\n<td style=\"width: 20%; text-align: center;\"><strong>Hora<\/strong><\/td>\n<td style=\"width: 20%; text-align: center;\"><strong>Adre\u00e7a<\/strong><\/td>\n<\/tr>\n<tr>\n<td style=\"width: 20%; text-align: center;\">Sant Andreu<\/td>\n<td style=\"width: 20%; text-align: center;\">Dijous, 7 de mar\u00e7<\/td>\n<td style=\"width: 20%; text-align: center;\">Centre C\u00edvic Trinitat Vella<\/td>\n<td style=\"width: 20%; text-align: center;\">17.00<\/td>\n<td style=\"width: 20%; text-align: center;\">C. de Foradada, 36<\/td>\n<\/tr>\n<\/tbody>\n<\/table>\n","protected":false},"excerpt":{"rendered":"<p>Sessions informatives organitzades pel Consorci d\u2019Educaci\u00f3 a cada districte municipal adre\u00e7ades a les fam\u00edlies amb infants que han d\u2019iniciar l\u2019escolaritat el curs 2019-2020&hellip;  <a href=\"https:\/\/agora.xtec.cat\/inscomasisola\/general\/sessions-informatives-del-consorci-deducacio-per-la-preinscripcio-de-1r-deso-a-trinitat-vella\/\" title=\"Read SESSIONS INFORMATIVES DEL CONSORCI D`EDUCACI\u00d3 PER LA PREINSCRIPCI\u00d3 DE 1r D&#8217;ESO A TRINITAT VELLA\">Llegeix m\u00e9s\u00bb<\/a><\/p>\n","protected":false},"author":1,"featured_media":1478,"comment_status":"open","ping_status":"closed","sticky":false,"template":"","format":"standard","meta":{"_bbp_topic_count":0,"_bbp_reply_count":0,"_bbp_total_topic_count":0,"_bbp_total_reply_count":0,"_bbp_voice_count":0,"_bbp_anonymous_reply_count":0,"_bbp_topic_count_hidden":0,"_bbp_reply_count_hidden":0,"_bbp_forum_subforum_count":0,"footnotes":""},"categories":[1,29],"tags":[],"class_list":["post-1469","post","type-post","status-publish","format-standard","has-post-thumbnail","hentry","category-general","category-portada"],"post_mailing_queue_ids":[],"_links":{"self":[{"href":"https:\/\/agora.xtec.cat\/inscomasisola\/wp-json\/wp\/v2\/posts\/1469","targetHints":{"allow":["GET"]}}],"collection":[{"href":"https:\/\/agora.xtec.cat\/inscomasisola\/wp-json\/wp\/v2\/posts"}],"about":[{"href":"https:\/\/agora.xtec.cat\/inscomasisola\/wp-json\/wp\/v2\/types\/post"}],"author":[{"embeddable":true,"href":"https:\/\/agora.xtec.cat\/inscomasisola\/wp-json\/wp\/v2\/users\/1"}],"replies":[{"embeddable":true,"href":"https:\/\/agora.xtec.cat\/inscomasisola\/wp-json\/wp\/v2\/comments?post=1469"}],"version-history":[{"count":3,"href":"https:\/\/agora.xtec.cat\/inscomasisola\/wp-json\/wp\/v2\/posts\/1469\/revisions"}],"predecessor-version":[{"id":1479,"href":"https:\/\/agora.xtec.cat\/inscomasisola\/wp-json\/wp\/v2\/posts\/1469\/revisions\/1479"}],"wp:featuredmedia":[{"embeddable":true,"href":"https:\/\/agora.xtec.cat\/inscomasisola\/wp-json\/wp\/v2\/media\/1478"}],"wp:attachment":[{"href":"https:\/\/agora.xtec.cat\/inscomasisola\/wp-json\/wp\/v2\/media?parent=1469"}],"wp:term":[{"taxonomy":"category","embeddable":true,"href":"https:\/\/agora.xtec.cat\/inscomasisola\/wp-json\/wp\/v2\/categories?post=1469"},{"taxonomy":"post_tag","embeddable":true,"href":"https:\/\/agora.xtec.cat\/inscomasisola\/wp-json\/wp\/v2\/tags?post=1469"}],"curies":[{"name":"wp","href":"https:\/\/api.w.org\/{rel}","templated":true}]}}