{"id":1451,"date":"2019-02-27T13:52:30","date_gmt":"2019-02-27T12:52:30","guid":{"rendered":"http:\/\/agora.xtec.cat\/inscomasisola\/?p=1451"},"modified":"2019-02-28T14:20:56","modified_gmt":"2019-02-28T13:20:56","slug":"nois-i-noies-els-mateixos-drets-els-mateixos-deures","status":"publish","type":"post","link":"https:\/\/agora.xtec.cat\/inscomasisola\/general\/nois-i-noies-els-mateixos-drets-els-mateixos-deures\/","title":{"rendered":"NOIS i NOIES: ELS MATEIXOS DRETS, ELS MATEIXOS DEURES"},"content":{"rendered":"<p><span style=\"font-weight: 400;\">Des de ja fa uns anys l\u2019alumnat de 3r d\u2019ESO realitza un projecte d\u2019Aprenentatge i Serveis (APS) d\u2019igualtat de g\u00e8nere. \u00a0Aquest projecte consisteix a desenvolupar curtmetratges que tractin temes d\u2019igualtat de g\u00e8nere i posteriorment difondre\u2019ls \u00a0a entitats del barri i del districte.<\/span><\/p>\n<p><a href=\"https:\/\/agora.xtec.cat\/inscomasisola\/wp-content\/uploads\/usu1298\/2019\/02\/APS-4.jpg\"><img loading=\"lazy\" decoding=\"async\" class=\"size-medium wp-image-1455 alignleft\" src=\"https:\/\/agora.xtec.cat\/inscomasisola\/wp-content\/uploads\/usu1298\/2019\/02\/APS-4-300x225.jpg\" alt=\"\" width=\"300\" height=\"225\" srcset=\"https:\/\/agora.xtec.cat\/inscomasisola\/wp-content\/uploads\/usu1298\/2019\/02\/APS-4-300x225.jpg 300w, https:\/\/agora.xtec.cat\/inscomasisola\/wp-content\/uploads\/usu1298\/2019\/02\/APS-4-768x576.jpg 768w, https:\/\/agora.xtec.cat\/inscomasisola\/wp-content\/uploads\/usu1298\/2019\/02\/APS-4-1024x768.jpg 1024w, https:\/\/agora.xtec.cat\/inscomasisola\/wp-content\/uploads\/usu1298\/2019\/02\/APS-4-200x150.jpg 200w, https:\/\/agora.xtec.cat\/inscomasisola\/wp-content\/uploads\/usu1298\/2019\/02\/APS-4.jpg 1280w\" sizes=\"auto, (max-width: 300px) 100vw, 300px\" \/><\/a><\/p>\n<p><span style=\"font-weight: 400;\">Aquest \u00e9s un projecte transversal que es treballa des de les \u00e0rees de Tutoria, Tecnologia , Visual i Pl\u00e0stica i llengua catalana, aix\u00ed mateix tamb\u00e9 comptem amb la col\u00b7laboraci\u00f3 de l\u2019Associaci\u00f3 Catalana per la Pau ( ACPP), de Teleduca i de diverses entitats del barri com poden ser l\u2019Escola Ram\u00f3n y Cajal, l\u2019Escola Ramon Berenguer III, Radio Trinijove i l\u2019Escola d\u2019Adults de la Trinitat.<\/span><\/p>\n<p><span style=\"font-weight: 400;\">El projecte es desenvolupa al llarg de tot el 2n cicle de l\u2019ESO. Durant el \u00a03r curs, especialment des de la tutoria, es van treballant temes d\u2019igualtat de g\u00e8nere i al 3r trimestre, en el marc del cr\u00e8dit de s\u00edntesi, s\u2019elaboren guions, es fa el rodatge i la posterior producci\u00f3 i edici\u00f3 del curt mitjan\u00e7ant programes inform\u00e0tics .<\/span><\/p>\n<p><span style=\"font-weight: 400;\">Posteriorment al llarg del 4t curs, molt especialment des l\u2019\u00e0rea de llengua catalana i literatura es treballa l\u2019exposici\u00f3 oral i les din\u00e0miques dels v\u00eddeo-f\u00f2rums que es fan amb les diverses entitats del barri.<\/span><\/p>\n<p><span style=\"font-weight: 400;\">El curs passat es va participar, amb gran \u00e8xit, en les jornades solid\u00e0ries de Sant Andreu a l\u2019espai cultural de la Fabra i Coats, es van realitzar v\u00eddeo-f\u00f2rums i debats amb les escoles Ramon Berenguer III, Ram\u00f3n y Cajal i l\u2019Escola d\u2019Adults de la Trinitat i finalment, els alumnes van ser entrevistats per la R\u00e0dio Trinijove per tal de poder explicar la seva experi\u00e8ncia i posar en valor el seu treball.<\/span><\/p>\n<p><span style=\"font-family: inherit; font-size: 1em;\">Enguany ja hem realitzat un parell de v\u00eddeo-f\u00f2rums amb les escoles Ramon Berenguer III i Ram\u00f3n y Cajal, i continuarem amb altres entitats del barri. Per aquests v\u00eddeo-f\u00f2rums, \u00a0a m\u00e9s a m\u00e9s dels debats, les exposicions i el visionat dels curts, tamb\u00e9 s\u2019han preparat diverses din\u00e0miques per tal que els alumnes de 6\u00e8 poguessin participar de forma m\u00e9s activa.<\/span><\/p>\n<p style=\"text-align: center;\">\r\n\t<div class=\"slideshow_container slideshow_container_style-light\" style=\" \" data-slideshow-id=\"1460\" data-style-name=\"style-light\" data-style-version=\"2.3.1\" >\r\n\r\n\t\t\t\t\t<div class=\"slideshow_loading_icon\"><\/div>\r\n\t\t\r\n\t\t<div class=\"slideshow_content\" style=\"display: none;\">\r\n\r\n\t\t\t<div class=\"slideshow_view\">\r\n\t\t\t\t<div class=\"slideshow_slide slideshow_slide_image\">\r\n\t\t\t\t\t\t\t\t\t\t\t<img src=\"https:\/\/agora.xtec.cat\/inscomasisola\/wp-content\/uploads\/usu1298\/2019\/02\/aps-3-e1551357807732.jpg\" alt=\"aps 3\" width=\"1056\" height=\"844\" \/>\r\n\t\t\t\t\t\t\t\t\t\t<div class=\"slideshow_description_box slideshow_transparent\">\r\n\t\t\t\t\t\t<div class=\"slideshow_title\">aps 3<\/div>\t\t\t\t\t\t\t\t\t\t\t<\/div>\r\n\t\t\t\t<\/div>\r\n\r\n\t\t\t\t\t\t<div style=\"clear: both;\"><\/div><\/div><div class=\"slideshow_view\">\r\n\t\t\t\t<div class=\"slideshow_slide slideshow_slide_image\">\r\n\t\t\t\t\t\t\t\t\t\t\t<img src=\"https:\/\/agora.xtec.cat\/inscomasisola\/wp-content\/uploads\/usu1298\/2019\/02\/APS-4.jpg\" alt=\"APS 4\" width=\"1280\" height=\"960\" \/>\r\n\t\t\t\t\t\t\t\t\t\t<div class=\"slideshow_description_box slideshow_transparent\">\r\n\t\t\t\t\t\t<div class=\"slideshow_title\">APS 4<\/div>\t\t\t\t\t\t\t\t\t\t\t<\/div>\r\n\t\t\t\t<\/div>\r\n\r\n\t\t\t\t\t\t<div style=\"clear: both;\"><\/div><\/div><div class=\"slideshow_view\">\r\n\t\t\t\t<div class=\"slideshow_slide slideshow_slide_image\">\r\n\t\t\t\t\t\t\t\t\t\t\t<img src=\"https:\/\/agora.xtec.cat\/inscomasisola\/wp-content\/uploads\/usu1298\/2019\/02\/aps-5-e1551357750915.jpg\" alt=\"aps 5\" width=\"1155\" height=\"857\" \/>\r\n\t\t\t\t\t\t\t\t\t\t<div class=\"slideshow_description_box slideshow_transparent\">\r\n\t\t\t\t\t\t<div class=\"slideshow_title\">aps 5<\/div>\t\t\t\t\t\t\t\t\t\t\t<\/div>\r\n\t\t\t\t<\/div>\r\n\r\n\t\t\t\t\t\t<div style=\"clear: both;\"><\/div><\/div><div class=\"slideshow_view\">\r\n\t\t\t\t<div class=\"slideshow_slide slideshow_slide_image\">\r\n\t\t\t\t\t\t\t\t\t\t\t<img src=\"https:\/\/agora.xtec.cat\/inscomasisola\/wp-content\/uploads\/usu1298\/2019\/02\/aps-6-e1551357706968.jpg\" alt=\"aps 6\" width=\"1222\" height=\"899\" \/>\r\n\t\t\t\t\t\t\t\t\t\t<div class=\"slideshow_description_box slideshow_transparent\">\r\n\t\t\t\t\t\t<div class=\"slideshow_title\">aps 6<\/div>\t\t\t\t\t\t\t\t\t\t\t<\/div>\r\n\t\t\t\t<\/div>\r\n\r\n\t\t\t\t\t\t<div style=\"clear: both;\"><\/div><\/div><div class=\"slideshow_view\">\r\n\t\t\t\t<div class=\"slideshow_slide slideshow_slide_image\">\r\n\t\t\t\t\t\t\t\t\t\t\t<img src=\"https:\/\/agora.xtec.cat\/inscomasisola\/wp-content\/uploads\/usu1298\/2019\/02\/aps-7-e1551357670681.jpg\" alt=\"aps 7\" width=\"1155\" height=\"764\" \/>\r\n\t\t\t\t\t\t\t\t\t\t<div class=\"slideshow_description_box slideshow_transparent\">\r\n\t\t\t\t\t\t<div class=\"slideshow_title\">aps 7<\/div>\t\t\t\t\t\t\t\t\t\t\t<\/div>\r\n\t\t\t\t<\/div>\r\n\r\n\t\t\t\t\t\t<div style=\"clear: both;\"><\/div><\/div><div class=\"slideshow_view\">\r\n\t\t\t\t<div class=\"slideshow_slide slideshow_slide_image\">\r\n\t\t\t\t\t\t\t\t\t\t\t<img src=\"https:\/\/agora.xtec.cat\/inscomasisola\/wp-content\/uploads\/usu1298\/2019\/02\/foto-APS1-e1551357645864.jpg\" alt=\"foto APS1\" width=\"931\" height=\"972\" \/>\r\n\t\t\t\t\t\t\t\t\t\t<div class=\"slideshow_description_box slideshow_transparent\">\r\n\t\t\t\t\t\t<div class=\"slideshow_title\">foto APS1<\/div>\t\t\t\t\t\t\t\t\t\t\t<\/div>\r\n\t\t\t\t<\/div>\r\n\r\n\t\t\t\t\t\t<div style=\"clear: both;\"><\/div><\/div>\r\n\t\t<\/div>\r\n\r\n\t\t<div class=\"slideshow_controlPanel slideshow_transparent\" style=\"display: none;\"><ul><li class=\"slideshow_togglePlay\" data-play-text=\"Visualitza\" data-pause-text=\"Pausa\"><\/li><\/ul><\/div>\r\n\r\n\t\t<div class=\"slideshow_button slideshow_previous slideshow_transparent\" role=\"button\" data-previous-text=\"Anterior\" style=\"display: none;\"><\/div>\r\n\t\t<div class=\"slideshow_button slideshow_next slideshow_transparent\" role=\"button\" data-next-text=\"Seg\u00fcent\" style=\"display: none;\"><\/div>\r\n\r\n\t\t<div class=\"slideshow_pagination\" style=\"display: none;\" data-go-to-text=\"V\u00e9s a la diapositiva\"><div class=\"slideshow_pagination_center\"><\/div><\/div>\r\n\r\n\t\t<!-- WordPress Slideshow Version 2.3.1 -->\r\n\r\n\t\t\t<\/div>\r\n\r\n<\/p>\n","protected":false},"excerpt":{"rendered":"<p>Des de ja fa uns anys l\u2019alumnat de 3r d\u2019ESO realitza un projecte d\u2019Aprenentatge i Serveis (APS) d\u2019igualtat de g\u00e8nere. \u00a0Aquest projecte consisteix a desenvolupar curtmetratges que tractin temes d\u2019igualtat de g\u00e8nere i posteriorment difondre\u2019ls \u00a0a entitats del barri i del districte.<br \/>\n<a href=\"https:\/\/agora.xtec.cat\/inscomasisola\/wp-content\/uploads\/usu1298\/2019\/02\/APS-4.jpg\"><\/a><br \/>\nAquest \u00e9s un&hellip;  <a href=\"https:\/\/agora.xtec.cat\/inscomasisola\/general\/nois-i-noies-els-mateixos-drets-els-mateixos-deures\/\" title=\"Read NOIS i NOIES: ELS MATEIXOS DRETS, ELS MATEIXOS DEURES\">Llegeix m\u00e9s\u00bb<\/a><\/p>\n","protected":false},"author":1,"featured_media":1455,"comment_status":"open","ping_status":"closed","sticky":false,"template":"","format":"standard","meta":{"_bbp_topic_count":0,"_bbp_reply_count":0,"_bbp_total_topic_count":0,"_bbp_total_reply_count":0,"_bbp_voice_count":0,"_bbp_anonymous_reply_count":0,"_bbp_topic_count_hidden":0,"_bbp_reply_count_hidden":0,"_bbp_forum_subforum_count":0,"footnotes":""},"categories":[7,1,29],"tags":[],"class_list":["post-1451","post","type-post","status-publish","format-standard","has-post-thumbnail","hentry","category-eso-4","category-general","category-portada"],"post_mailing_queue_ids":[],"_links":{"self":[{"href":"https:\/\/agora.xtec.cat\/inscomasisola\/wp-json\/wp\/v2\/posts\/1451","targetHints":{"allow":["GET"]}}],"collection":[{"href":"https:\/\/agora.xtec.cat\/inscomasisola\/wp-json\/wp\/v2\/posts"}],"about":[{"href":"https:\/\/agora.xtec.cat\/inscomasisola\/wp-json\/wp\/v2\/types\/post"}],"author":[{"embeddable":true,"href":"https:\/\/agora.xtec.cat\/inscomasisola\/wp-json\/wp\/v2\/users\/1"}],"replies":[{"embeddable":true,"href":"https:\/\/agora.xtec.cat\/inscomasisola\/wp-json\/wp\/v2\/comments?post=1451"}],"version-history":[{"count":3,"href":"https:\/\/agora.xtec.cat\/inscomasisola\/wp-json\/wp\/v2\/posts\/1451\/revisions"}],"predecessor-version":[{"id":1467,"href":"https:\/\/agora.xtec.cat\/inscomasisola\/wp-json\/wp\/v2\/posts\/1451\/revisions\/1467"}],"wp:featuredmedia":[{"embeddable":true,"href":"https:\/\/agora.xtec.cat\/inscomasisola\/wp-json\/wp\/v2\/media\/1455"}],"wp:attachment":[{"href":"https:\/\/agora.xtec.cat\/inscomasisola\/wp-json\/wp\/v2\/media?parent=1451"}],"wp:term":[{"taxonomy":"category","embeddable":true,"href":"https:\/\/agora.xtec.cat\/inscomasisola\/wp-json\/wp\/v2\/categories?post=1451"},{"taxonomy":"post_tag","embeddable":true,"href":"https:\/\/agora.xtec.cat\/inscomasisola\/wp-json\/wp\/v2\/tags?post=1451"}],"curies":[{"name":"wp","href":"https:\/\/api.w.org\/{rel}","templated":true}]}}