{"id":1412,"date":"2019-01-19T17:02:50","date_gmt":"2019-01-19T16:02:50","guid":{"rendered":"http:\/\/agora.xtec.cat\/inscomasisola\/?p=1412"},"modified":"2019-03-13T13:22:52","modified_gmt":"2019-03-13T12:22:52","slug":"uns-robots-envaeixen-el-comas","status":"publish","type":"post","link":"https:\/\/agora.xtec.cat\/inscomasisola\/general\/uns-robots-envaeixen-el-comas\/","title":{"rendered":"UNS ROBOTS ENVAEIXEN EL COMAS"},"content":{"rendered":"<p><strong>Constru\u00efm i programem robots a Tecnologia de 4t d\u2019ESO<\/strong><\/p>\n<p><a href=\"https:\/\/agora.xtec.cat\/inscomasisola\/wp-content\/uploads\/usu1298\/2019\/02\/robot.jpg\"><img loading=\"lazy\" decoding=\"async\" class=\"size-medium wp-image-1413 aligncenter\" src=\"https:\/\/agora.xtec.cat\/inscomasisola\/wp-content\/uploads\/usu1298\/2019\/02\/robot-300x225.jpg\" alt=\"\" width=\"300\" height=\"225\" srcset=\"https:\/\/agora.xtec.cat\/inscomasisola\/wp-content\/uploads\/usu1298\/2019\/02\/robot-300x225.jpg 300w, https:\/\/agora.xtec.cat\/inscomasisola\/wp-content\/uploads\/usu1298\/2019\/02\/robot-768x576.jpg 768w, https:\/\/agora.xtec.cat\/inscomasisola\/wp-content\/uploads\/usu1298\/2019\/02\/robot-1024x768.jpg 1024w, https:\/\/agora.xtec.cat\/inscomasisola\/wp-content\/uploads\/usu1298\/2019\/02\/robot-200x150.jpg 200w, https:\/\/agora.xtec.cat\/inscomasisola\/wp-content\/uploads\/usu1298\/2019\/02\/robot.jpg 1280w\" sizes=\"auto, (max-width: 300px) 100vw, 300px\" \/><\/a><\/p>\n<p>Els alumnes de 4t d\u2019ESO de l\u2019Institut Josep Comas i Sol\u00e0 han comen\u00e7at aquest segon trimestre el projecte de construcci\u00f3 i programaci\u00f3 rob\u00f2tica. Aquest \u00e9s un projecte que treballa diversos \u00e0mbits tecnol\u00f2gics com ara la mec\u00e0nica, l\u2019electricitat i l\u2019electr\u00f2nica i aspectes m\u00e9s avan\u00e7ats del pensament computacional.<\/p>\n\n<p>Aquest mes de gener \u00a0hem finalitzat la primera fase del projecte acabant la construcci\u00f3 dels robots.<\/p>\n<p>Actualment ens trobem a la fase de proves de funcionament i sincronitzaci\u00f3 dels quatre motors el\u00e8ctrics que impulsen els robots.<\/p>\n","protected":false},"excerpt":{"rendered":"<p>Constru\u00efm i programem robots a Tecnologia de 4t d\u2019ESO<br \/>\n<a href=\"https:\/\/agora.xtec.cat\/inscomasisola\/wp-content\/uploads\/usu1298\/2019\/02\/robot.jpg\"><\/a><br \/>\nEls alumnes de 4t d\u2019ESO de l\u2019Institut Josep Comas i Sol\u00e0 han comen\u00e7at aquest segon trimestre el projecte de construcci\u00f3 i programaci\u00f3 rob\u00f2tica. Aquest \u00e9s un projecte que treballa diversos \u00e0mbits tecnol\u00f2gics com ara la mec\u00e0nica,&hellip;  <a href=\"https:\/\/agora.xtec.cat\/inscomasisola\/general\/uns-robots-envaeixen-el-comas\/\" title=\"Read UNS ROBOTS ENVAEIXEN EL COMAS\">Llegeix m\u00e9s\u00bb<\/a><\/p>\n","protected":false},"author":1,"featured_media":1413,"comment_status":"open","ping_status":"closed","sticky":false,"template":"","format":"standard","meta":{"_bbp_topic_count":0,"_bbp_reply_count":0,"_bbp_total_topic_count":0,"_bbp_total_reply_count":0,"_bbp_voice_count":0,"_bbp_anonymous_reply_count":0,"_bbp_topic_count_hidden":0,"_bbp_reply_count_hidden":0,"_bbp_forum_subforum_count":0,"footnotes":""},"categories":[7,1,29,111],"tags":[107,108,99],"class_list":["post-1412","post","type-post","status-publish","format-standard","has-post-thumbnail","hentry","category-eso-4","category-general","category-portada","category-tecnologia","tag-robotica","tag-steam","tag-tecnologia"],"post_mailing_queue_ids":[],"_links":{"self":[{"href":"https:\/\/agora.xtec.cat\/inscomasisola\/wp-json\/wp\/v2\/posts\/1412","targetHints":{"allow":["GET"]}}],"collection":[{"href":"https:\/\/agora.xtec.cat\/inscomasisola\/wp-json\/wp\/v2\/posts"}],"about":[{"href":"https:\/\/agora.xtec.cat\/inscomasisola\/wp-json\/wp\/v2\/types\/post"}],"author":[{"embeddable":true,"href":"https:\/\/agora.xtec.cat\/inscomasisola\/wp-json\/wp\/v2\/users\/1"}],"replies":[{"embeddable":true,"href":"https:\/\/agora.xtec.cat\/inscomasisola\/wp-json\/wp\/v2\/comments?post=1412"}],"version-history":[{"count":1,"href":"https:\/\/agora.xtec.cat\/inscomasisola\/wp-json\/wp\/v2\/posts\/1412\/revisions"}],"predecessor-version":[{"id":1418,"href":"https:\/\/agora.xtec.cat\/inscomasisola\/wp-json\/wp\/v2\/posts\/1412\/revisions\/1418"}],"wp:featuredmedia":[{"embeddable":true,"href":"https:\/\/agora.xtec.cat\/inscomasisola\/wp-json\/wp\/v2\/media\/1413"}],"wp:attachment":[{"href":"https:\/\/agora.xtec.cat\/inscomasisola\/wp-json\/wp\/v2\/media?parent=1412"}],"wp:term":[{"taxonomy":"category","embeddable":true,"href":"https:\/\/agora.xtec.cat\/inscomasisola\/wp-json\/wp\/v2\/categories?post=1412"},{"taxonomy":"post_tag","embeddable":true,"href":"https:\/\/agora.xtec.cat\/inscomasisola\/wp-json\/wp\/v2\/tags?post=1412"}],"curies":[{"name":"wp","href":"https:\/\/api.w.org\/{rel}","templated":true}]}}