{"id":137,"date":"2014-09-19T10:46:03","date_gmt":"2014-09-19T10:46:03","guid":{"rendered":"http:\/\/agora.xtec.cat\/inscomasisola\/?p=137"},"modified":"2016-05-05T10:12:56","modified_gmt":"2016-05-05T09:12:56","slug":"noticia-6","status":"publish","type":"post","link":"https:\/\/agora.xtec.cat\/inscomasisola\/aula_oberta\/noticia-6\/","title":{"rendered":"Taller cuina Aula Oberta"},"content":{"rendered":"<div>\n<div>\n<div>\n<div style=\"text-align: justify;\">A l&#8217;Aula Oberta ja hem acabat el trimestre, i amb el trimestre hem acabat el taller de cuines del m\u00f3n i les primeres estades a empresa.<\/div>\n<div style=\"text-align: justify;\"><\/div>\n<p>Els 8 alumnes de 3r hem fet cuina i els 9 alumnes de 4t hem fet pr\u00e0ctiques a 9 empreses diferents, centres d&#8217;Atenci\u00f3 Prim\u00e0ria,centres de dia, escoles i comer\u00e7os del barri.<\/p>\n<\/div>\n<div style=\"text-align: justify;\"><\/div>\n<p>Tant el taller com les estades han estat experi\u00e8ncies incre\u00efbles i plenes de bons moments.<\/p>\n<\/div>\n<div style=\"text-align: justify;\"><\/div>\n<p>El pr\u00f2xim trimestre farem taller de joieria i tindrem noves empreses.<\/p>\n<\/div>\n<p style=\"text-align: justify;\">Ara us deixem algunes fotos de la clausura del taller de cuina, un tastet a la biblioteca del centre.<\/p>\n","protected":false},"excerpt":{"rendered":"<p>Activitat taller de cuina dels alumnes d&#8217;aula oberta&hellip;  <a href=\"https:\/\/agora.xtec.cat\/inscomasisola\/aula_oberta\/noticia-6\/\" title=\"Read Taller cuina Aula Oberta\">Llegeix m\u00e9s\u00bb<\/a><\/p>\n","protected":false},"author":1,"featured_media":311,"comment_status":"open","ping_status":"open","sticky":false,"template":"","format":"standard","meta":{"_bbp_topic_count":0,"_bbp_reply_count":0,"_bbp_total_topic_count":0,"_bbp_total_reply_count":0,"_bbp_voice_count":0,"_bbp_anonymous_reply_count":0,"_bbp_topic_count_hidden":0,"_bbp_reply_count_hidden":0,"_bbp_forum_subforum_count":0,"footnotes":""},"categories":[56],"tags":[63],"class_list":["post-137","post","type-post","status-publish","format-standard","has-post-thumbnail","hentry","category-aula_oberta","tag-oberta"],"post_mailing_queue_ids":[],"_links":{"self":[{"href":"https:\/\/agora.xtec.cat\/inscomasisola\/wp-json\/wp\/v2\/posts\/137","targetHints":{"allow":["GET"]}}],"collection":[{"href":"https:\/\/agora.xtec.cat\/inscomasisola\/wp-json\/wp\/v2\/posts"}],"about":[{"href":"https:\/\/agora.xtec.cat\/inscomasisola\/wp-json\/wp\/v2\/types\/post"}],"author":[{"embeddable":true,"href":"https:\/\/agora.xtec.cat\/inscomasisola\/wp-json\/wp\/v2\/users\/1"}],"replies":[{"embeddable":true,"href":"https:\/\/agora.xtec.cat\/inscomasisola\/wp-json\/wp\/v2\/comments?post=137"}],"version-history":[{"count":3,"href":"https:\/\/agora.xtec.cat\/inscomasisola\/wp-json\/wp\/v2\/posts\/137\/revisions"}],"predecessor-version":[{"id":524,"href":"https:\/\/agora.xtec.cat\/inscomasisola\/wp-json\/wp\/v2\/posts\/137\/revisions\/524"}],"wp:featuredmedia":[{"embeddable":true,"href":"https:\/\/agora.xtec.cat\/inscomasisola\/wp-json\/wp\/v2\/media\/311"}],"wp:attachment":[{"href":"https:\/\/agora.xtec.cat\/inscomasisola\/wp-json\/wp\/v2\/media?parent=137"}],"wp:term":[{"taxonomy":"category","embeddable":true,"href":"https:\/\/agora.xtec.cat\/inscomasisola\/wp-json\/wp\/v2\/categories?post=137"},{"taxonomy":"post_tag","embeddable":true,"href":"https:\/\/agora.xtec.cat\/inscomasisola\/wp-json\/wp\/v2\/tags?post=137"}],"curies":[{"name":"wp","href":"https:\/\/api.w.org\/{rel}","templated":true}]}}