{"id":134,"date":"2015-01-14T10:45:22","date_gmt":"2015-01-14T09:45:22","guid":{"rendered":"http:\/\/agora.xtec.cat\/inscomasisola\/?p=134"},"modified":"2016-03-14T09:29:16","modified_gmt":"2016-03-14T08:29:16","slug":"noticia-5","status":"publish","type":"post","link":"https:\/\/agora.xtec.cat\/inscomasisola\/eso\/eso-1\/noticia-5\/","title":{"rendered":"Visita a l&#8217;exposici\u00f3 hist\u00f2ria del c\u00f2mic en catal\u00e0"},"content":{"rendered":"<p>El passat dilluns 21 de desembre, els alumnes de 1r d\u2019ESO\u00a0van visitar l\u2019exposici\u00f3 \u201cVinyetes: hist\u00f2ria del c\u00f2mic en catal\u00e0\u201d dins de la\u00a0<a href=\"http:\/\/www.cpnl.cat\/xarxa\/cnlbarcelona\/comic_en_catala.html\">campanya de promoci\u00f3 del c\u00f2mic en catal\u00e0<\/a>\u00a0a l\u2019antiga f\u00e0brica Fabra i Coats de Sant Andreu.<\/p>\n<p>La visita estava dividida en dues parts. Primer a partir d\u2019una s\u00e8rie d\u2019activitats elaborades per a aquesta exposici\u00f3 es treballava el llenguatge del c\u00f2mic i es potenciaven els coneixements previs dels alumnes. Despr\u00e9s a partir d\u2019un q\u00fcestionari, els alumnes havien de buscar la informaci\u00f3 corresponent.<\/p>\n<p>Va ser molt interessant ja que vam descobrir molts aspectes del m\u00f3n del c\u00f2mic que desconeix\u00edem!<\/p>\n<p>&nbsp;<\/p>\n","protected":false},"excerpt":{"rendered":"<p>El passat dilluns 21 de desembre, els alumnes de 1r d\u2019ESO\u00a0van visitar l\u2019exposici\u00f3 \u201cVinyetes: hist\u00f2ria del c\u00f2mic en catal\u00e0\u201d dins de la\u00a0<a href=\"http:\/\/www.cpnl.cat\/xarxa\/cnlbarcelona\/comic_en_catala.html\">campanya de promoci\u00f3 del c\u00f2mic en catal\u00e0<\/a>\u00a0a l\u2019antiga f\u00e0brica Fabra i Coats de Sant Andreu.<br \/>\nLa visita estava dividida en dues parts. Primer a&hellip;  <a href=\"https:\/\/agora.xtec.cat\/inscomasisola\/eso\/eso-1\/noticia-5\/\" title=\"Read Visita a l&#8217;exposici\u00f3 hist\u00f2ria del c\u00f2mic en catal\u00e0\">Llegeix m\u00e9s\u00bb<\/a><\/p>\n","protected":false},"author":1,"featured_media":340,"comment_status":"open","ping_status":"open","sticky":false,"template":"","format":"standard","meta":{"_bbp_topic_count":0,"_bbp_reply_count":0,"_bbp_total_topic_count":0,"_bbp_total_reply_count":0,"_bbp_voice_count":0,"_bbp_anonymous_reply_count":0,"_bbp_topic_count_hidden":0,"_bbp_reply_count_hidden":0,"_bbp_forum_subforum_count":0,"footnotes":""},"categories":[4],"tags":[37,38],"class_list":["post-134","post","type-post","status-publish","format-standard","has-post-thumbnail","hentry","category-eso-1","tag-audiovisuals","tag-sant-jordi"],"post_mailing_queue_ids":[],"_links":{"self":[{"href":"https:\/\/agora.xtec.cat\/inscomasisola\/wp-json\/wp\/v2\/posts\/134","targetHints":{"allow":["GET"]}}],"collection":[{"href":"https:\/\/agora.xtec.cat\/inscomasisola\/wp-json\/wp\/v2\/posts"}],"about":[{"href":"https:\/\/agora.xtec.cat\/inscomasisola\/wp-json\/wp\/v2\/types\/post"}],"author":[{"embeddable":true,"href":"https:\/\/agora.xtec.cat\/inscomasisola\/wp-json\/wp\/v2\/users\/1"}],"replies":[{"embeddable":true,"href":"https:\/\/agora.xtec.cat\/inscomasisola\/wp-json\/wp\/v2\/comments?post=134"}],"version-history":[{"count":3,"href":"https:\/\/agora.xtec.cat\/inscomasisola\/wp-json\/wp\/v2\/posts\/134\/revisions"}],"predecessor-version":[{"id":339,"href":"https:\/\/agora.xtec.cat\/inscomasisola\/wp-json\/wp\/v2\/posts\/134\/revisions\/339"}],"wp:featuredmedia":[{"embeddable":true,"href":"https:\/\/agora.xtec.cat\/inscomasisola\/wp-json\/wp\/v2\/media\/340"}],"wp:attachment":[{"href":"https:\/\/agora.xtec.cat\/inscomasisola\/wp-json\/wp\/v2\/media?parent=134"}],"wp:term":[{"taxonomy":"category","embeddable":true,"href":"https:\/\/agora.xtec.cat\/inscomasisola\/wp-json\/wp\/v2\/categories?post=134"},{"taxonomy":"post_tag","embeddable":true,"href":"https:\/\/agora.xtec.cat\/inscomasisola\/wp-json\/wp\/v2\/tags?post=134"}],"curies":[{"name":"wp","href":"https:\/\/api.w.org\/{rel}","templated":true}]}}