{"id":1295,"date":"2018-04-04T12:28:48","date_gmt":"2018-04-04T10:28:48","guid":{"rendered":"http:\/\/agora.xtec.cat\/inscomasisola\/?p=1295"},"modified":"2018-04-04T13:12:54","modified_gmt":"2018-04-04T11:12:54","slug":"colonies-2017-18-de1r2n-i-3r-eso","status":"publish","type":"post","link":"https:\/\/agora.xtec.cat\/inscomasisola\/eso\/eso-1\/colonies-2017-18-de1r2n-i-3r-eso\/","title":{"rendered":"COL\u00d2NIES 2017-18 de1r,2n i 3r ESO"},"content":{"rendered":"<p>Aquest any, alumnes de 1er, 2on i 3er de l&#8217;ESO hem anat uns dies de col\u00f2nies a Can Miquel\u00f3 ( Centelles) on hem gaudit de la natura, la neu &#8211; que no estava prevista-, l&#8217;observaci\u00f3 directe dels estels i, tamb\u00e9, perqu\u00e8 no,\u00a0 d&#8217;activitats l\u00fadiques que ens han preparat els magn\u00edfics monitors \/-res que han estat en tot moment amb nosaltres.<\/p>\n<p><a href=\"http:\/\/agora.xtec.cat\/inscomasisola\/wp-content\/uploads\/usu1298\/2018\/04\/resized_20180319_131025_001.jpg\"><img loading=\"lazy\" decoding=\"async\" class=\"alignleft size-medium wp-image-1298\" src=\"http:\/\/agora.xtec.cat\/inscomasisola\/wp-content\/uploads\/usu1298\/2018\/04\/resized_20180319_131025_001-300x225.jpg\" alt=\"\" width=\"300\" height=\"225\" srcset=\"https:\/\/agora.xtec.cat\/inscomasisola\/wp-content\/uploads\/usu1298\/2018\/04\/resized_20180319_131025_001-300x225.jpg 300w, https:\/\/agora.xtec.cat\/inscomasisola\/wp-content\/uploads\/usu1298\/2018\/04\/resized_20180319_131025_001-200x150.jpg 200w, https:\/\/agora.xtec.cat\/inscomasisola\/wp-content\/uploads\/usu1298\/2018\/04\/resized_20180319_131025_001.jpg 728w\" sizes=\"auto, (max-width: 300px) 100vw, 300px\" \/><\/a><\/p>\n<p>&nbsp;<\/p>\n<p>&nbsp;<\/p>\n<p>&nbsp;<\/p>\n<p>&nbsp;<\/p>\n<p>&nbsp;<\/p>\n<p>El dimarts ens vam despertar amb un paisatge tot blanc despr\u00e9s que\u00a0hagu\u00e9s\u00a0estat\u00a0nevant\u00a0tot el vespre.<\/p>\n<p><a href=\"http:\/\/agora.xtec.cat\/inscomasisola\/wp-content\/uploads\/usu1298\/2018\/04\/resized_20180321_112700-e1522838263292.jpg\"><img loading=\"lazy\" decoding=\"async\" class=\"alignleft size-medium wp-image-1303\" src=\"http:\/\/agora.xtec.cat\/inscomasisola\/wp-content\/uploads\/usu1298\/2018\/04\/resized_20180321_112700-e1522838263292-225x300.jpg\" alt=\"\" width=\"225\" height=\"300\" srcset=\"https:\/\/agora.xtec.cat\/inscomasisola\/wp-content\/uploads\/usu1298\/2018\/04\/resized_20180321_112700-e1522838263292-225x300.jpg 225w, https:\/\/agora.xtec.cat\/inscomasisola\/wp-content\/uploads\/usu1298\/2018\/04\/resized_20180321_112700-e1522838263292.jpg 546w\" sizes=\"auto, (max-width: 225px) 100vw, 225px\" \/><\/a><\/p>\n<p>Hem aprofitat que hem estat sols gran part dels dies per jugar i moure&#8217;ns a l&#8217;aire lliure. Els monitors ens van fer suar en la pista americana, la tirolina i d&#8217;altres activitats.<\/p>\n<p>&nbsp;<\/p>\n<p>&nbsp;<\/p>\n<p>&nbsp;<\/p>\n<p>&nbsp;<\/p>\n<p>&nbsp;<\/p>\n<p>&nbsp;<\/p>\n<p>&nbsp;<\/p>\n<p><a href=\"http:\/\/agora.xtec.cat\/inscomasisola\/wp-content\/uploads\/usu1298\/2018\/04\/resized_20180320_223508-e1522838289594.jpg\"><img loading=\"lazy\" decoding=\"async\" class=\"alignleft size-medium wp-image-1300\" src=\"http:\/\/agora.xtec.cat\/inscomasisola\/wp-content\/uploads\/usu1298\/2018\/04\/resized_20180320_223508-e1522838289594-225x300.jpg\" alt=\"\" width=\"225\" height=\"300\" srcset=\"https:\/\/agora.xtec.cat\/inscomasisola\/wp-content\/uploads\/usu1298\/2018\/04\/resized_20180320_223508-e1522838289594-225x300.jpg 225w, https:\/\/agora.xtec.cat\/inscomasisola\/wp-content\/uploads\/usu1298\/2018\/04\/resized_20180320_223508-e1522838289594.jpg 546w\" sizes=\"auto, (max-width: 225px) 100vw, 225px\" \/><\/a>Dimarts al vespre van tenir la nostra estona de discoteca on vam descobrir que ten\u00edem uns companys molt bailongos.<\/p>\n<p>Ens ho hem passat s\u00faper b\u00e9! Ens ha fet una mica de pena que alguns companys \/-es no hagin pogut venir per\u00f2 estem pensant pel curs vinent en estrat\u00e8gies que ens permetin d&#8217;anar-hi m\u00e9s alumnes dels que hem vingut enguany.<\/p>\n<p>&nbsp;<\/p>\n<p>&nbsp;<\/p>\n<p>&nbsp;<\/p>\n<p>&nbsp;<\/p>\n<p>&nbsp;<\/p>\n","protected":false},"excerpt":{"rendered":"<p>Aquest any, alumnes de 1er, 2on i 3er de l&#8217;ESO hem anat uns dies de col\u00f2nies a Can Miquel\u00f3 ( Centelles) on hem gaudit de la natura, la neu &#8211; que no estava prevista-, l&#8217;observaci\u00f3 directe dels estels i, tamb\u00e9, perqu\u00e8 no,\u00a0 d&#8217;activitats l\u00fadiques que&hellip;  <a href=\"https:\/\/agora.xtec.cat\/inscomasisola\/eso\/eso-1\/colonies-2017-18-de1r2n-i-3r-eso\/\" title=\"Read COL\u00d2NIES 2017-18 de1r,2n i 3r ESO\">Llegeix m\u00e9s\u00bb<\/a><\/p>\n","protected":false},"author":1,"featured_media":0,"comment_status":"open","ping_status":"closed","sticky":false,"template":"","format":"standard","meta":{"_bbp_topic_count":0,"_bbp_reply_count":0,"_bbp_total_topic_count":0,"_bbp_total_reply_count":0,"_bbp_voice_count":0,"_bbp_anonymous_reply_count":0,"_bbp_topic_count_hidden":0,"_bbp_reply_count_hidden":0,"_bbp_forum_subforum_count":0,"footnotes":""},"categories":[4,5,6,29],"tags":[],"class_list":["post-1295","post","type-post","status-publish","format-standard","hentry","category-eso-1","category-eso-2","category-eso-3","category-portada"],"post_mailing_queue_ids":[],"_links":{"self":[{"href":"https:\/\/agora.xtec.cat\/inscomasisola\/wp-json\/wp\/v2\/posts\/1295","targetHints":{"allow":["GET"]}}],"collection":[{"href":"https:\/\/agora.xtec.cat\/inscomasisola\/wp-json\/wp\/v2\/posts"}],"about":[{"href":"https:\/\/agora.xtec.cat\/inscomasisola\/wp-json\/wp\/v2\/types\/post"}],"author":[{"embeddable":true,"href":"https:\/\/agora.xtec.cat\/inscomasisola\/wp-json\/wp\/v2\/users\/1"}],"replies":[{"embeddable":true,"href":"https:\/\/agora.xtec.cat\/inscomasisola\/wp-json\/wp\/v2\/comments?post=1295"}],"version-history":[{"count":3,"href":"https:\/\/agora.xtec.cat\/inscomasisola\/wp-json\/wp\/v2\/posts\/1295\/revisions"}],"predecessor-version":[{"id":1322,"href":"https:\/\/agora.xtec.cat\/inscomasisola\/wp-json\/wp\/v2\/posts\/1295\/revisions\/1322"}],"wp:attachment":[{"href":"https:\/\/agora.xtec.cat\/inscomasisola\/wp-json\/wp\/v2\/media?parent=1295"}],"wp:term":[{"taxonomy":"category","embeddable":true,"href":"https:\/\/agora.xtec.cat\/inscomasisola\/wp-json\/wp\/v2\/categories?post=1295"},{"taxonomy":"post_tag","embeddable":true,"href":"https:\/\/agora.xtec.cat\/inscomasisola\/wp-json\/wp\/v2\/tags?post=1295"}],"curies":[{"name":"wp","href":"https:\/\/api.w.org\/{rel}","templated":true}]}}