{"id":126,"date":"2015-05-21T12:34:45","date_gmt":"2015-05-21T10:34:45","guid":{"rendered":"http:\/\/blocs.xtec.cat\/mediaciojosepcomas\/?p=126"},"modified":"2016-05-30T15:29:22","modified_gmt":"2016-05-30T14:29:22","slug":"dia-de-la-diversitat-11-de-novembre-de-2014","status":"publish","type":"post","link":"https:\/\/agora.xtec.cat\/inscomasisola\/general\/dia-de-la-diversitat-11-de-novembre-de-2014\/","title":{"rendered":"DIA DE LA DIVERSITAT- 11 DE NOVEMBRE DE 2014"},"content":{"rendered":"<p>&nbsp;<\/p>\n<p><a href=\"http:\/\/agora.xtec.cat\/inscomasisola\/wp-content\/uploads\/usu1298\/2015\/05\/diversitat.jpg\"><img loading=\"lazy\" decoding=\"async\" class=\"alignnone size-full wp-image-580\" src=\"http:\/\/agora.xtec.cat\/inscomasisola\/wp-content\/uploads\/usu1298\/2015\/05\/diversitat.jpg\" alt=\"diversitat\" width=\"512\" height=\"177\" srcset=\"https:\/\/agora.xtec.cat\/inscomasisola\/wp-content\/uploads\/usu1298\/2015\/05\/diversitat.jpg 512w, https:\/\/agora.xtec.cat\/inscomasisola\/wp-content\/uploads\/usu1298\/2015\/05\/diversitat-300x104.jpg 300w\" sizes=\"auto, (max-width: 512px) 100vw, 512px\" \/><\/a><\/p>\n<p>Edici\u00f3 2014 del Dia de la Diversitat<\/p>\n<p>El Dia de la Diversitat s\u2019adre\u00e7a a joves estudiants de 12 a 18 anys i \u00e9s un esdeveniment de foment, sensibilitzaci\u00f3 i educaci\u00f3 dels drets humans. A trav\u00e9s de jocs, din\u00e0miques, tallers i diferents propostes d\u2019activitats es donaran a con\u00e8ixer aquests drets i es posaran a l\u2019abast dels participants les entitats de refer\u00e8ncia que hi treballen.<\/p>\n<p>El Dia de la Diversitat \u00e9s un programa que va constar de tres activitats:<\/p>\n<p>ACTIVITAT 1: QUINS S\u00d3N ELS DRETS FONAMENTALS?<\/p>\n<p>Activitat realitzada a l&#8217;Institut en la qual l\u2019alumnat va descobrir quins s\u00f3n els drets fonamentals.<\/p>\n<p>Objectius:<br \/>\n-Donar a con\u00e8ixer els drets fonamentals que es treballaran durant el Dia de la<br \/>\nDiversitat.<br \/>\n-Con\u00e8ixer exemples de vulneracions que es fan dels Drets Humans.<\/p>\n<p>ACTIVITAT 2: EL DIA DE LA DIVERSITAT<\/p>\n<p>Es va realitzar a l&#8217;Espai Jove Fontana<br \/>\nL\u2019alumnat van participar en diferents activitats organitzades per diferents<br \/>\nentitats de refer\u00e8ncia en mat\u00e8ria de Drets Humans de la ciutat de Barcelona.<\/p>\n<p>Objectius:<br \/>\n-Con\u00e8ixer quins drets fonamentals treballen les diferents entitats participants<br \/>\nen el Dia de la Diversitat.<br \/>\n&#8211; Con\u00e8ixer quines actuacions duen a terme les entitats i associacions<br \/>\nparticipants per lluitar contra la vulneraci\u00f3 dels Drets Humans.<br \/>\n-Identificar accions que podem dur a terme per lluitar contra la vulneraci\u00f3 dels<br \/>\ndrets humans.<\/p>\n<p>ACTIVITAT 3: I JO QU\u00c8 HI PUC FER?<\/p>\n<p>Activitat a l&#8217;institut posterior a la Jornada del dia de la diversitat<\/p>\n<p>A partir d\u2019uns cartells amb els diferents drets humans treballats durant el Dia<br \/>\nde la Diversitat, els i les alumnes van haver d\u2019escollir un dret fonamental i<br \/>\npensar una acci\u00f3 que en el seu dia a dia els permeti comprometre\u2019s en la<br \/>\npreservaci\u00f3 d\u2019aquest dret.<\/p>\n<p>Objectius:<\/p>\n<p>&#8211; Consolidar els coneixements treballats durant el Dia de la Diversitat.<br \/>\n&#8211; Identificar accions que podem dur a terme per lluitar contra la vulneraci\u00f3 dels<br \/>\ndrets humans.<br \/>\n&#8211; Prendre un comprom\u00eds amb el nostre entorn en relaci\u00f3 a la consecuci\u00f3 dels Drets Humans<\/p>\n","protected":false},"excerpt":{"rendered":"<p>&nbsp;<br \/>\n<a href=\"http:\/\/agora.xtec.cat\/inscomasisola\/wp-content\/uploads\/usu1298\/2015\/05\/diversitat.jpg\"><\/a><br \/>\nEdici\u00f3 2014 del Dia de la Diversitat<br \/>\nEl Dia de la Diversitat s\u2019adre\u00e7a a joves estudiants de 12 a 18 anys i \u00e9s un esdeveniment de foment, sensibilitzaci\u00f3 i educaci\u00f3 dels drets humans. A trav\u00e9s de jocs, din\u00e0miques, tallers i diferents propostes d\u2019activitats es donaran&hellip;  <a href=\"https:\/\/agora.xtec.cat\/inscomasisola\/general\/dia-de-la-diversitat-11-de-novembre-de-2014\/\" title=\"Read DIA DE LA DIVERSITAT- 11 DE NOVEMBRE DE 2014\">Llegeix m\u00e9s\u00bb<\/a><\/p>\n","protected":false},"author":3,"featured_media":580,"comment_status":"open","ping_status":"open","sticky":false,"template":"","format":"standard","meta":{"_bbp_topic_count":0,"_bbp_reply_count":0,"_bbp_total_topic_count":0,"_bbp_total_reply_count":0,"_bbp_voice_count":0,"_bbp_anonymous_reply_count":0,"_bbp_topic_count_hidden":0,"_bbp_reply_count_hidden":0,"_bbp_forum_subforum_count":0,"footnotes":""},"categories":[1,69],"tags":[70],"class_list":["post-126","post","type-post","status-publish","format-standard","has-post-thumbnail","hentry","category-general","category-mediacio","tag-mediacio"],"post_mailing_queue_ids":[],"_links":{"self":[{"href":"https:\/\/agora.xtec.cat\/inscomasisola\/wp-json\/wp\/v2\/posts\/126","targetHints":{"allow":["GET"]}}],"collection":[{"href":"https:\/\/agora.xtec.cat\/inscomasisola\/wp-json\/wp\/v2\/posts"}],"about":[{"href":"https:\/\/agora.xtec.cat\/inscomasisola\/wp-json\/wp\/v2\/types\/post"}],"author":[{"embeddable":true,"href":"https:\/\/agora.xtec.cat\/inscomasisola\/wp-json\/wp\/v2\/users\/3"}],"replies":[{"embeddable":true,"href":"https:\/\/agora.xtec.cat\/inscomasisola\/wp-json\/wp\/v2\/comments?post=126"}],"version-history":[{"count":2,"href":"https:\/\/agora.xtec.cat\/inscomasisola\/wp-json\/wp\/v2\/posts\/126\/revisions"}],"predecessor-version":[{"id":716,"href":"https:\/\/agora.xtec.cat\/inscomasisola\/wp-json\/wp\/v2\/posts\/126\/revisions\/716"}],"wp:featuredmedia":[{"embeddable":true,"href":"https:\/\/agora.xtec.cat\/inscomasisola\/wp-json\/wp\/v2\/media\/580"}],"wp:attachment":[{"href":"https:\/\/agora.xtec.cat\/inscomasisola\/wp-json\/wp\/v2\/media?parent=126"}],"wp:term":[{"taxonomy":"category","embeddable":true,"href":"https:\/\/agora.xtec.cat\/inscomasisola\/wp-json\/wp\/v2\/categories?post=126"},{"taxonomy":"post_tag","embeddable":true,"href":"https:\/\/agora.xtec.cat\/inscomasisola\/wp-json\/wp\/v2\/tags?post=126"}],"curies":[{"name":"wp","href":"https:\/\/api.w.org\/{rel}","templated":true}]}}