{"id":1242,"date":"2018-03-06T01:17:12","date_gmt":"2018-03-06T00:17:12","guid":{"rendered":"http:\/\/agora.xtec.cat\/inscomasisola\/?p=1242"},"modified":"2018-03-06T01:23:26","modified_gmt":"2018-03-06T00:23:26","slug":"projectes-de-tecno-del-grup-gp","status":"publish","type":"post","link":"https:\/\/agora.xtec.cat\/inscomasisola\/general\/projectes-de-tecno-del-grup-gp\/","title":{"rendered":"Projectes de TECNO del grup GP"},"content":{"rendered":"<p><a href=\"http:\/\/agora.xtec.cat\/inscomasisola\/wp-content\/uploads\/usu1298\/2018\/03\/20180226_132624_opt.jpg\"><img loading=\"lazy\" decoding=\"async\" class=\"alignleft size-full wp-image-1234\" src=\"http:\/\/agora.xtec.cat\/inscomasisola\/wp-content\/uploads\/usu1298\/2018\/03\/20180226_132624_opt.jpg\" alt=\"\" width=\"728\" height=\"971\" srcset=\"https:\/\/agora.xtec.cat\/inscomasisola\/wp-content\/uploads\/usu1298\/2018\/03\/20180226_132624_opt.jpg 728w, https:\/\/agora.xtec.cat\/inscomasisola\/wp-content\/uploads\/usu1298\/2018\/03\/20180226_132624_opt-225x300.jpg 225w\" sizes=\"auto, (max-width: 728px) 100vw, 728px\" \/><\/a><\/p>\n<p>&nbsp;<\/p>\n<p>&nbsp;<\/p>\n<p><b>Data: 26\/02\/2018<\/b><\/p>\n<p>El <strong>grup GP<\/strong> o grup de projectes, tamb\u00e9 duu a terme <strong>projectes de tecnologia<\/strong> al taller. Aix\u00f2 els inicia en la <strong>capacitaci\u00f3 en destreses manuals<\/strong>, que tot sovint s\u00f3n molt agra\u00efdes per aquests nois i noies.<\/p>\n<p>Treballen molt l\u2019<strong>autonomia i la presa de decisions<\/strong> respecte la seva creaci\u00f3, amb un acompanyament i supervisi\u00f3 per part de la professora.<\/p>\n<p>Aquest treball i esfor\u00e7 els pot fer descobrir vocacions que m\u00e9s endavant poden convertir-se en la seva futura professi\u00f3.<\/p>\n","protected":false},"excerpt":{"rendered":"<p><a href=\"http:\/\/agora.xtec.cat\/inscomasisola\/wp-content\/uploads\/usu1298\/2018\/03\/20180226_132624_opt.jpg\"><\/a><br \/>\n&nbsp;<br \/>\n&nbsp;<br \/>\nData: 26\/02\/2018<br \/>\nEl grup GP o grup de projectes, tamb\u00e9 duu a terme projectes de tecnologia al taller. Aix\u00f2 els inicia en la capacitaci\u00f3 en destreses manuals, que tot sovint s\u00f3n molt agra\u00efdes per aquests nois i noies.<br \/>\nTreballen molt l\u2019autonomia i la presa de decisions&hellip;  <a href=\"https:\/\/agora.xtec.cat\/inscomasisola\/general\/projectes-de-tecno-del-grup-gp\/\" title=\"Read Projectes de TECNO del grup GP\">Llegeix m\u00e9s\u00bb<\/a><\/p>\n","protected":false},"author":1,"featured_media":1234,"comment_status":"open","ping_status":"closed","sticky":false,"template":"","format":"standard","meta":{"_bbp_topic_count":0,"_bbp_reply_count":0,"_bbp_total_topic_count":0,"_bbp_total_reply_count":0,"_bbp_voice_count":0,"_bbp_anonymous_reply_count":0,"_bbp_topic_count_hidden":0,"_bbp_reply_count_hidden":0,"_bbp_forum_subforum_count":0,"footnotes":""},"categories":[1,29],"tags":[],"class_list":["post-1242","post","type-post","status-publish","format-standard","has-post-thumbnail","hentry","category-general","category-portada"],"post_mailing_queue_ids":[],"_links":{"self":[{"href":"https:\/\/agora.xtec.cat\/inscomasisola\/wp-json\/wp\/v2\/posts\/1242","targetHints":{"allow":["GET"]}}],"collection":[{"href":"https:\/\/agora.xtec.cat\/inscomasisola\/wp-json\/wp\/v2\/posts"}],"about":[{"href":"https:\/\/agora.xtec.cat\/inscomasisola\/wp-json\/wp\/v2\/types\/post"}],"author":[{"embeddable":true,"href":"https:\/\/agora.xtec.cat\/inscomasisola\/wp-json\/wp\/v2\/users\/1"}],"replies":[{"embeddable":true,"href":"https:\/\/agora.xtec.cat\/inscomasisola\/wp-json\/wp\/v2\/comments?post=1242"}],"version-history":[{"count":1,"href":"https:\/\/agora.xtec.cat\/inscomasisola\/wp-json\/wp\/v2\/posts\/1242\/revisions"}],"predecessor-version":[{"id":1243,"href":"https:\/\/agora.xtec.cat\/inscomasisola\/wp-json\/wp\/v2\/posts\/1242\/revisions\/1243"}],"wp:featuredmedia":[{"embeddable":true,"href":"https:\/\/agora.xtec.cat\/inscomasisola\/wp-json\/wp\/v2\/media\/1234"}],"wp:attachment":[{"href":"https:\/\/agora.xtec.cat\/inscomasisola\/wp-json\/wp\/v2\/media?parent=1242"}],"wp:term":[{"taxonomy":"category","embeddable":true,"href":"https:\/\/agora.xtec.cat\/inscomasisola\/wp-json\/wp\/v2\/categories?post=1242"},{"taxonomy":"post_tag","embeddable":true,"href":"https:\/\/agora.xtec.cat\/inscomasisola\/wp-json\/wp\/v2\/tags?post=1242"}],"curies":[{"name":"wp","href":"https:\/\/api.w.org\/{rel}","templated":true}]}}