{"id":1225,"date":"2018-03-06T01:13:42","date_gmt":"2018-03-06T00:13:42","guid":{"rendered":"http:\/\/agora.xtec.cat\/inscomasisola\/?p=1225"},"modified":"2018-03-06T01:22:39","modified_gmt":"2018-03-06T00:22:39","slug":"visita-a-lortiga-a-can-monmany-a-collserola","status":"publish","type":"post","link":"https:\/\/agora.xtec.cat\/inscomasisola\/general\/visita-a-lortiga-a-can-monmany-a-collserola\/","title":{"rendered":"VISITA A L\u2019ORTIGA, A CAN MONMANY A COLLSEROLA"},"content":{"rendered":"<p>&nbsp;<\/p>\n<p>&nbsp;<\/p>\n<p>&nbsp;<\/p>\n<p><b><a href=\"http:\/\/agora.xtec.cat\/inscomasisola\/wp-content\/uploads\/usu1298\/2018\/03\/20171129_110805_opt.jpg\"><img loading=\"lazy\" decoding=\"async\" class=\"alignleft size-full wp-image-1232\" src=\"http:\/\/agora.xtec.cat\/inscomasisola\/wp-content\/uploads\/usu1298\/2018\/03\/20171129_110805_opt.jpg\" alt=\"\" width=\"971\" height=\"728\" srcset=\"https:\/\/agora.xtec.cat\/inscomasisola\/wp-content\/uploads\/usu1298\/2018\/03\/20171129_110805_opt.jpg 971w, https:\/\/agora.xtec.cat\/inscomasisola\/wp-content\/uploads\/usu1298\/2018\/03\/20171129_110805_opt-300x225.jpg 300w, https:\/\/agora.xtec.cat\/inscomasisola\/wp-content\/uploads\/usu1298\/2018\/03\/20171129_110805_opt-768x576.jpg 768w, https:\/\/agora.xtec.cat\/inscomasisola\/wp-content\/uploads\/usu1298\/2018\/03\/20171129_110805_opt-200x150.jpg 200w\" sizes=\"auto, (max-width: 971px) 100vw, 971px\" \/><\/a><\/b><\/p>\n<p>El <strong>Grup GP<\/strong> va visitar la <strong>finca d\u2019agricultura ecol\u00f2gica L\u2019Ortiga<\/strong> a \u00a0Collserola a finals de novembre de 2017.<\/p>\n<p>Van poder con\u00e8ixer de primera m\u00e0 com es t\u00e9 cura d\u2019un hort ecol\u00f2gic, tot fent fotografies i gaudint de les explicacions d\u2019una de les seves responsables. La visita s\u2019emmarca en el projecte d\u2019hort ecol\u00f2gic que els alumnes duen a terme al nostre Institut.<\/p>\n<p>Els alumnes van poder gaudir d\u2019un mat\u00ed a l\u2019aire lliure i prendre consci\u00e8ncia de la import\u00e0ncia per a la nostra salut i la del medi ambient de l\u2019agricultura ecol\u00f2gica.<\/p>\n","protected":false},"excerpt":{"rendered":"<p>&nbsp;<br \/>\n&nbsp;<br \/>\n&nbsp;<br \/>\n<a href=\"http:\/\/agora.xtec.cat\/inscomasisola\/wp-content\/uploads\/usu1298\/2018\/03\/20171129_110805_opt.jpg\"><\/a><br \/>\nEl Grup GP va visitar la finca d\u2019agricultura ecol\u00f2gica L\u2019Ortiga a \u00a0Collserola a finals de novembre de 2017.<br \/>\nVan poder con\u00e8ixer de primera m\u00e0 com es t\u00e9 cura d\u2019un hort ecol\u00f2gic, tot fent fotografies i gaudint de les explicacions d\u2019una de les seves responsables. La&hellip;  <a href=\"https:\/\/agora.xtec.cat\/inscomasisola\/general\/visita-a-lortiga-a-can-monmany-a-collserola\/\" title=\"Read VISITA A L\u2019ORTIGA, A CAN MONMANY A COLLSEROLA\">Llegeix m\u00e9s\u00bb<\/a><\/p>\n","protected":false},"author":1,"featured_media":1232,"comment_status":"open","ping_status":"closed","sticky":false,"template":"","format":"standard","meta":{"_bbp_topic_count":0,"_bbp_reply_count":0,"_bbp_total_topic_count":0,"_bbp_total_reply_count":0,"_bbp_voice_count":0,"_bbp_anonymous_reply_count":0,"_bbp_topic_count_hidden":0,"_bbp_reply_count_hidden":0,"_bbp_forum_subforum_count":0,"footnotes":""},"categories":[1,29],"tags":[],"class_list":["post-1225","post","type-post","status-publish","format-standard","has-post-thumbnail","hentry","category-general","category-portada"],"post_mailing_queue_ids":[],"_links":{"self":[{"href":"https:\/\/agora.xtec.cat\/inscomasisola\/wp-json\/wp\/v2\/posts\/1225","targetHints":{"allow":["GET"]}}],"collection":[{"href":"https:\/\/agora.xtec.cat\/inscomasisola\/wp-json\/wp\/v2\/posts"}],"about":[{"href":"https:\/\/agora.xtec.cat\/inscomasisola\/wp-json\/wp\/v2\/types\/post"}],"author":[{"embeddable":true,"href":"https:\/\/agora.xtec.cat\/inscomasisola\/wp-json\/wp\/v2\/users\/1"}],"replies":[{"embeddable":true,"href":"https:\/\/agora.xtec.cat\/inscomasisola\/wp-json\/wp\/v2\/comments?post=1225"}],"version-history":[{"count":2,"href":"https:\/\/agora.xtec.cat\/inscomasisola\/wp-json\/wp\/v2\/posts\/1225\/revisions"}],"predecessor-version":[{"id":1241,"href":"https:\/\/agora.xtec.cat\/inscomasisola\/wp-json\/wp\/v2\/posts\/1225\/revisions\/1241"}],"wp:featuredmedia":[{"embeddable":true,"href":"https:\/\/agora.xtec.cat\/inscomasisola\/wp-json\/wp\/v2\/media\/1232"}],"wp:attachment":[{"href":"https:\/\/agora.xtec.cat\/inscomasisola\/wp-json\/wp\/v2\/media?parent=1225"}],"wp:term":[{"taxonomy":"category","embeddable":true,"href":"https:\/\/agora.xtec.cat\/inscomasisola\/wp-json\/wp\/v2\/categories?post=1225"},{"taxonomy":"post_tag","embeddable":true,"href":"https:\/\/agora.xtec.cat\/inscomasisola\/wp-json\/wp\/v2\/tags?post=1225"}],"curies":[{"name":"wp","href":"https:\/\/api.w.org\/{rel}","templated":true}]}}