{"id":1213,"date":"2018-03-06T00:05:54","date_gmt":"2018-03-05T23:05:54","guid":{"rendered":"http:\/\/agora.xtec.cat\/inscomasisola\/?p=1213"},"modified":"2018-03-06T00:12:48","modified_gmt":"2018-03-05T23:12:48","slug":"taller-tecno-2neso","status":"publish","type":"post","link":"https:\/\/agora.xtec.cat\/inscomasisola\/general\/taller-tecno-2neso\/","title":{"rendered":"Taller TECNO 2nESO"},"content":{"rendered":"<p><strong><a href=\"http:\/\/agora.xtec.cat\/inscomasisola\/wp-content\/uploads\/usu1298\/2018\/03\/20180206_100422_opt.jpg\"><img loading=\"lazy\" decoding=\"async\" class=\"alignleft size-full wp-image-1216\" src=\"http:\/\/agora.xtec.cat\/inscomasisola\/wp-content\/uploads\/usu1298\/2018\/03\/20180206_100422_opt.jpg\" alt=\"\" width=\"546\" height=\"728\" srcset=\"https:\/\/agora.xtec.cat\/inscomasisola\/wp-content\/uploads\/usu1298\/2018\/03\/20180206_100422_opt.jpg 546w, https:\/\/agora.xtec.cat\/inscomasisola\/wp-content\/uploads\/usu1298\/2018\/03\/20180206_100422_opt-225x300.jpg 225w\" sizes=\"auto, (max-width: 546px) 100vw, 546px\" \/><\/a>Al taller de Tecnologia els alumnes descobreixen feines manuals amb eines i m\u00e0quines que els inicien en compet\u00e8ncies i destreses que poden dur a terme en un futur, tant a casa com a la feina.<\/strong><\/p>\n<p><strong>Les activitats desenvolupades a la mat\u00e8ria de Tecnologia i en especial al taller, poden despertar vocacions per a futures i futurs professionals dels \u00e0mbits t\u00e8cnics i tecnol\u00f2gics.<\/strong><\/p>\n<p><strong>A 2on de l\u2019ESO treballem l\u2019electricitat amb corrent cont\u00ednua (piles i bateries) i constru\u00efm circuits, entenem les magnituds el\u00e8ctriques b\u00e0siques&#8230; i continuem el treball amb la fusta per la construcci\u00f3 dels circuits.<\/strong><\/p>\n","protected":false},"excerpt":{"rendered":"<p><a href=\"http:\/\/agora.xtec.cat\/inscomasisola\/wp-content\/uploads\/usu1298\/2018\/03\/20180206_100422_opt.jpg\"><\/a>Al taller de Tecnologia els alumnes descobreixen feines manuals amb eines i m\u00e0quines que els inicien en compet\u00e8ncies i destreses que poden dur a terme en un futur, tant a casa com a la feina.<br \/>\nLes activitats desenvolupades a la mat\u00e8ria de Tecnologia i en&hellip;  <a href=\"https:\/\/agora.xtec.cat\/inscomasisola\/general\/taller-tecno-2neso\/\" title=\"Read Taller TECNO 2nESO\">Llegeix m\u00e9s\u00bb<\/a><\/p>\n","protected":false},"author":1,"featured_media":0,"comment_status":"open","ping_status":"closed","sticky":false,"template":"","format":"standard","meta":{"_bbp_topic_count":0,"_bbp_reply_count":0,"_bbp_total_topic_count":0,"_bbp_total_reply_count":0,"_bbp_voice_count":0,"_bbp_anonymous_reply_count":0,"_bbp_topic_count_hidden":0,"_bbp_reply_count_hidden":0,"_bbp_forum_subforum_count":0,"footnotes":""},"categories":[5,1,29],"tags":[58,100],"class_list":["post-1213","post","type-post","status-publish","format-standard","hentry","category-eso-2","category-general","category-portada","tag-2n-eso","tag-tecnologies"],"post_mailing_queue_ids":[],"_links":{"self":[{"href":"https:\/\/agora.xtec.cat\/inscomasisola\/wp-json\/wp\/v2\/posts\/1213","targetHints":{"allow":["GET"]}}],"collection":[{"href":"https:\/\/agora.xtec.cat\/inscomasisola\/wp-json\/wp\/v2\/posts"}],"about":[{"href":"https:\/\/agora.xtec.cat\/inscomasisola\/wp-json\/wp\/v2\/types\/post"}],"author":[{"embeddable":true,"href":"https:\/\/agora.xtec.cat\/inscomasisola\/wp-json\/wp\/v2\/users\/1"}],"replies":[{"embeddable":true,"href":"https:\/\/agora.xtec.cat\/inscomasisola\/wp-json\/wp\/v2\/comments?post=1213"}],"version-history":[{"count":2,"href":"https:\/\/agora.xtec.cat\/inscomasisola\/wp-json\/wp\/v2\/posts\/1213\/revisions"}],"predecessor-version":[{"id":1217,"href":"https:\/\/agora.xtec.cat\/inscomasisola\/wp-json\/wp\/v2\/posts\/1213\/revisions\/1217"}],"wp:attachment":[{"href":"https:\/\/agora.xtec.cat\/inscomasisola\/wp-json\/wp\/v2\/media?parent=1213"}],"wp:term":[{"taxonomy":"category","embeddable":true,"href":"https:\/\/agora.xtec.cat\/inscomasisola\/wp-json\/wp\/v2\/categories?post=1213"},{"taxonomy":"post_tag","embeddable":true,"href":"https:\/\/agora.xtec.cat\/inscomasisola\/wp-json\/wp\/v2\/tags?post=1213"}],"curies":[{"name":"wp","href":"https:\/\/api.w.org\/{rel}","templated":true}]}}