{"id":1169,"date":"2018-03-06T00:22:29","date_gmt":"2018-03-05T23:22:29","guid":{"rendered":"http:\/\/agora.xtec.cat\/inscomasisola\/?p=1169"},"modified":"2018-03-06T00:27:08","modified_gmt":"2018-03-05T23:27:08","slug":"sortida-musical-de-2neso-al-caixaforum","status":"publish","type":"post","link":"https:\/\/agora.xtec.cat\/inscomasisola\/eso\/eso-2\/sortida-musical-de-2neso-al-caixaforum\/","title":{"rendered":"Sortida musical de 2nESO al Caixaforum"},"content":{"rendered":"\r\n\t<div class=\"slideshow_container slideshow_container_style-light\" style=\"height: 300px; \" data-slideshow-id=\"1218\" data-style-name=\"style-light\" data-style-version=\"2.3.1\" >\r\n\r\n\t\t\t\t\t<div class=\"slideshow_loading_icon\"><\/div>\r\n\t\t\r\n\t\t<div class=\"slideshow_content\" style=\"display: none;\">\r\n\r\n\t\t\t<div class=\"slideshow_view\">\r\n\t\t\t\t<div class=\"slideshow_slide slideshow_slide_image\">\r\n\t\t\t\t\t\t\t\t\t\t\t<img src=\"https:\/\/agora.xtec.cat\/inscomasisola\/wp-content\/uploads\/usu1298\/2017\/10\/DSC_0008_54-Custom.jpg\" alt=\"DSC_0008_54 (Custom)\" width=\"1280\" height=\"720\" \/>\r\n\t\t\t\t\t\t\t\t\t\t<div class=\"slideshow_description_box slideshow_transparent\">\r\n\t\t\t\t\t\t\t\t\t\t\t\t\t\t\t\t\t<\/div>\r\n\t\t\t\t<\/div>\r\n\r\n\t\t\t\t\t\t<div style=\"clear: both;\"><\/div><\/div><div class=\"slideshow_view\">\r\n\t\t\t\t<div class=\"slideshow_slide slideshow_slide_image\">\r\n\t\t\t\t\t\t\t\t\t\t\t<img src=\"https:\/\/agora.xtec.cat\/inscomasisola\/wp-content\/uploads\/usu1298\/2017\/10\/DSC_0005_66-Custom.jpg\" alt=\"DSC_0005_66 (Custom)\" width=\"1280\" height=\"720\" \/>\r\n\t\t\t\t\t\t\t\t\t\t<div class=\"slideshow_description_box slideshow_transparent\">\r\n\t\t\t\t\t\t\t\t\t\t\t\t\t\t\t\t\t<\/div>\r\n\t\t\t\t<\/div>\r\n\r\n\t\t\t\t\t\t<div style=\"clear: both;\"><\/div><\/div><div class=\"slideshow_view\">\r\n\t\t\t\t<div class=\"slideshow_slide slideshow_slide_image\">\r\n\t\t\t\t\t\t\t\t\t\t\t<img src=\"https:\/\/agora.xtec.cat\/inscomasisola\/wp-content\/uploads\/usu1298\/2017\/10\/DSC_0004_69-Custom.jpg\" alt=\"DSC_0004_69 (Custom)\" width=\"1280\" height=\"720\" \/>\r\n\t\t\t\t\t\t\t\t\t\t<div class=\"slideshow_description_box slideshow_transparent\">\r\n\t\t\t\t\t\t\t\t\t\t\t\t\t\t\t\t\t<\/div>\r\n\t\t\t\t<\/div>\r\n\r\n\t\t\t\t\t\t<div style=\"clear: both;\"><\/div><\/div>\r\n\t\t<\/div>\r\n\r\n\t\t<div class=\"slideshow_controlPanel slideshow_transparent\" style=\"display: none;\"><ul><li class=\"slideshow_togglePlay\" data-play-text=\"Visualitza\" data-pause-text=\"Pausa\"><\/li><\/ul><\/div>\r\n\r\n\t\t<div class=\"slideshow_button slideshow_previous slideshow_transparent\" role=\"button\" data-previous-text=\"Anterior\" style=\"display: none;\"><\/div>\r\n\t\t<div class=\"slideshow_button slideshow_next slideshow_transparent\" role=\"button\" data-next-text=\"Seg\u00fcent\" style=\"display: none;\"><\/div>\r\n\r\n\t\t<div class=\"slideshow_pagination\" style=\"display: none;\" data-go-to-text=\"V\u00e9s a la diapositiva\"><div class=\"slideshow_pagination_center\"><\/div><\/div>\r\n\r\n\t\t<!-- WordPress Slideshow Version 2.3.1 -->\r\n\r\n\t\t\t<\/div>\r\n\r\n\n<p>&nbsp;<\/p>\n<p>El passat 18 d\u2019octubre els alumnes de 2on vam anar a l\u2019auditori de Caixaf\u00f2rum per assistir a un concert de m\u00fasiques del Magreb. L\u2019audici\u00f3 es va fer en unes condicions excepcionals doncs no vam haver de compartir sala amb cap altre centre. Ten\u00edem els m\u00fasics per nosaltres sols. Vam gaudir d\u2019aquest luxe!<\/p>\n<p>El concert duia per nom <b>\u201cUn te a la menta\u201d<\/b>. Els m\u00fasics ens van oferir can\u00e7ons i ens van ensenyar instruments d\u2019aquesta \u00e0rea cultural, el Magreb, amb la que tenim vincles importants per\u00f2 que encara ens es desconeguda en gran part.<\/p>\n<p>El grup est\u00e0 format per m\u00fasics del nord d\u2019\u00c0frica i catalans que fa temps que treballen junts. El seu objectiu es ensenyar aquests lligams culturals que compartim \u2013 per exemple, la influ\u00e8ncia de la m\u00fasica \u00e0rab a la pen\u00ednsula ib\u00e8rica amb temes arab-andalus\u00eds, \u00a0i tamb\u00e9, i no menys important, que la m\u00fasica no t\u00e9 fronteres i ens pot servir per fer amics d\u2019arreu del m\u00f3n.<\/p>\n<p>A banda de can\u00e7ons tradicionals tamb\u00e9 ens van fer descobrir estils moderns com ara el \u201c<i>cha\u00e2bi<\/i>\u201d o el \u201c<i>rai<\/i>\u201d.<\/p>\n<p>Al final ens van convidar a pujar a l\u2019escenari on vam cantar i ballar els ritmes marcats per la \u201c<i>darbuka<\/i>\u201d (o \u201c<i>derbake<\/i>\u201d). Ens ho vam passar super b\u00e9!<\/p>\n","protected":false},"excerpt":{"rendered":"<ul>\n<li class=\"slideshow_togglePlay\" data-play-text=\"Visualitza\" data-pause-text=\"Pausa\"><\/li>\n<\/ul>\n<p>&nbsp;<br \/>\nEl passat 18 d\u2019octubre els alumnes de 2on vam anar a l\u2019auditori de Caixaf\u00f2rum per assistir a un concert de m\u00fasiques del Magreb. L\u2019audici\u00f3 es va fer en unes condicions excepcionals doncs no vam haver de compartir sala amb cap altre centre.&hellip;  <a href=\"https:\/\/agora.xtec.cat\/inscomasisola\/eso\/eso-2\/sortida-musical-de-2neso-al-caixaforum\/\" title=\"Read Sortida musical de 2nESO al Caixaforum\">Llegeix m\u00e9s\u00bb<\/a><\/p>\n","protected":false},"author":1,"featured_media":1198,"comment_status":"open","ping_status":"closed","sticky":false,"template":"","format":"standard","meta":{"_bbp_topic_count":0,"_bbp_reply_count":0,"_bbp_total_topic_count":0,"_bbp_total_reply_count":0,"_bbp_voice_count":0,"_bbp_anonymous_reply_count":0,"_bbp_topic_count_hidden":0,"_bbp_reply_count_hidden":0,"_bbp_forum_subforum_count":0,"footnotes":""},"categories":[5,14,15,29],"tags":[],"class_list":["post-1169","post","type-post","status-publish","format-standard","has-post-thumbnail","hentry","category-eso-2","category-eso-2a","category-eso-2b","category-portada"],"post_mailing_queue_ids":[],"_links":{"self":[{"href":"https:\/\/agora.xtec.cat\/inscomasisola\/wp-json\/wp\/v2\/posts\/1169","targetHints":{"allow":["GET"]}}],"collection":[{"href":"https:\/\/agora.xtec.cat\/inscomasisola\/wp-json\/wp\/v2\/posts"}],"about":[{"href":"https:\/\/agora.xtec.cat\/inscomasisola\/wp-json\/wp\/v2\/types\/post"}],"author":[{"embeddable":true,"href":"https:\/\/agora.xtec.cat\/inscomasisola\/wp-json\/wp\/v2\/users\/1"}],"replies":[{"embeddable":true,"href":"https:\/\/agora.xtec.cat\/inscomasisola\/wp-json\/wp\/v2\/comments?post=1169"}],"version-history":[{"count":3,"href":"https:\/\/agora.xtec.cat\/inscomasisola\/wp-json\/wp\/v2\/posts\/1169\/revisions"}],"predecessor-version":[{"id":1221,"href":"https:\/\/agora.xtec.cat\/inscomasisola\/wp-json\/wp\/v2\/posts\/1169\/revisions\/1221"}],"wp:featuredmedia":[{"embeddable":true,"href":"https:\/\/agora.xtec.cat\/inscomasisola\/wp-json\/wp\/v2\/media\/1198"}],"wp:attachment":[{"href":"https:\/\/agora.xtec.cat\/inscomasisola\/wp-json\/wp\/v2\/media?parent=1169"}],"wp:term":[{"taxonomy":"category","embeddable":true,"href":"https:\/\/agora.xtec.cat\/inscomasisola\/wp-json\/wp\/v2\/categories?post=1169"},{"taxonomy":"post_tag","embeddable":true,"href":"https:\/\/agora.xtec.cat\/inscomasisola\/wp-json\/wp\/v2\/tags?post=1169"}],"curies":[{"name":"wp","href":"https:\/\/api.w.org\/{rel}","templated":true}]}}