{"id":1120,"date":"2017-06-16T10:37:27","date_gmt":"2017-06-16T08:37:27","guid":{"rendered":"http:\/\/agora.xtec.cat\/inscomasisola\/?p=1120"},"modified":"2017-06-16T10:48:37","modified_gmt":"2017-06-16T08:48:37","slug":"creadors-en-residencia-2","status":"publish","type":"post","link":"https:\/\/agora.xtec.cat\/inscomasisola\/portada\/creadors-en-residencia-2\/","title":{"rendered":"Creadors en resid\u00e8ncia"},"content":{"rendered":"<p>Assajos Creadors en Resid\u00e8ncia dels alumnes d&#8217;aula oberta al Mercat de les Flors<br \/>\nEls alumnes d&#8217;aula oberta han fet els darrers assajos\u00a0 de l&#8217;espectacle &#8220;Nosotros&#8221; que estrenen avui\u00a0al Mercat de les Flors sota la direcci\u00f3 del core\u00f2graf i ballar\u00ed Toni Mira<\/p>\n<p><a href=\"http:\/\/agora.xtec.cat\/inscomasisola\/wp-content\/uploads\/usu1298\/2017\/06\/20170614_104600.jpg\"><img loading=\"lazy\" decoding=\"async\" class=\"alignleft wp-image-1123 size-medium\" src=\"http:\/\/agora.xtec.cat\/inscomasisola\/wp-content\/uploads\/usu1298\/2017\/06\/20170614_104600-300x225.jpg\" alt=\"20170614_104600\" width=\"300\" height=\"225\" srcset=\"https:\/\/agora.xtec.cat\/inscomasisola\/wp-content\/uploads\/usu1298\/2017\/06\/20170614_104600-300x225.jpg 300w, https:\/\/agora.xtec.cat\/inscomasisola\/wp-content\/uploads\/usu1298\/2017\/06\/20170614_104600-768x576.jpg 768w, https:\/\/agora.xtec.cat\/inscomasisola\/wp-content\/uploads\/usu1298\/2017\/06\/20170614_104600-1024x768.jpg 1024w, https:\/\/agora.xtec.cat\/inscomasisola\/wp-content\/uploads\/usu1298\/2017\/06\/20170614_104600-200x150.jpg 200w\" sizes=\"auto, (max-width: 300px) 100vw, 300px\" \/><\/a> <a href=\"http:\/\/agora.xtec.cat\/inscomasisola\/wp-content\/uploads\/usu1298\/2017\/06\/20170614_095840.jpg\"><img loading=\"lazy\" decoding=\"async\" class=\"alignright wp-image-1124 size-medium\" src=\"http:\/\/agora.xtec.cat\/inscomasisola\/wp-content\/uploads\/usu1298\/2017\/06\/20170614_095840-300x225.jpg\" alt=\"20170614_095840\" width=\"300\" height=\"225\" srcset=\"https:\/\/agora.xtec.cat\/inscomasisola\/wp-content\/uploads\/usu1298\/2017\/06\/20170614_095840-300x225.jpg 300w, https:\/\/agora.xtec.cat\/inscomasisola\/wp-content\/uploads\/usu1298\/2017\/06\/20170614_095840-768x576.jpg 768w, https:\/\/agora.xtec.cat\/inscomasisola\/wp-content\/uploads\/usu1298\/2017\/06\/20170614_095840-1024x768.jpg 1024w, https:\/\/agora.xtec.cat\/inscomasisola\/wp-content\/uploads\/usu1298\/2017\/06\/20170614_095840-200x150.jpg 200w\" sizes=\"auto, (max-width: 300px) 100vw, 300px\" \/><\/a><\/p>\n","protected":false},"excerpt":{"rendered":"<p>Assajos Creadors en Resid\u00e8ncia dels alumnes d&#8217;aula oberta al Mercat de les Flors<br \/>\nEls alumnes d&#8217;aula oberta han fet els darrers assajos\u00a0 de l&#8217;espectacle &#8220;Nosotros&#8221; que estrenen avui\u00a0al Mercat de les Flors sota la direcci\u00f3 del core\u00f2graf i ballar\u00ed Toni Mira<br \/>\n<a href=\"http:\/\/agora.xtec.cat\/inscomasisola\/wp-content\/uploads\/usu1298\/2017\/06\/20170614_104600.jpg\"><\/a> <a href=\"http:\/\/agora.xtec.cat\/inscomasisola\/wp-content\/uploads\/usu1298\/2017\/06\/20170614_095840.jpg\"><\/a><\/p>\n","protected":false},"author":1,"featured_media":1121,"comment_status":"closed","ping_status":"closed","sticky":false,"template":"","format":"standard","meta":{"_bbp_topic_count":0,"_bbp_reply_count":0,"_bbp_total_topic_count":0,"_bbp_total_reply_count":0,"_bbp_voice_count":0,"_bbp_anonymous_reply_count":0,"_bbp_topic_count_hidden":0,"_bbp_reply_count_hidden":0,"_bbp_forum_subforum_count":0,"footnotes":""},"categories":[56,29],"tags":[66,101],"class_list":["post-1120","post","type-post","status-publish","format-standard","has-post-thumbnail","hentry","category-aula_oberta","category-portada","tag-aula-oberta","tag-creadors"],"post_mailing_queue_ids":[],"_links":{"self":[{"href":"https:\/\/agora.xtec.cat\/inscomasisola\/wp-json\/wp\/v2\/posts\/1120","targetHints":{"allow":["GET"]}}],"collection":[{"href":"https:\/\/agora.xtec.cat\/inscomasisola\/wp-json\/wp\/v2\/posts"}],"about":[{"href":"https:\/\/agora.xtec.cat\/inscomasisola\/wp-json\/wp\/v2\/types\/post"}],"author":[{"embeddable":true,"href":"https:\/\/agora.xtec.cat\/inscomasisola\/wp-json\/wp\/v2\/users\/1"}],"replies":[{"embeddable":true,"href":"https:\/\/agora.xtec.cat\/inscomasisola\/wp-json\/wp\/v2\/comments?post=1120"}],"version-history":[{"count":4,"href":"https:\/\/agora.xtec.cat\/inscomasisola\/wp-json\/wp\/v2\/posts\/1120\/revisions"}],"predecessor-version":[{"id":1131,"href":"https:\/\/agora.xtec.cat\/inscomasisola\/wp-json\/wp\/v2\/posts\/1120\/revisions\/1131"}],"wp:featuredmedia":[{"embeddable":true,"href":"https:\/\/agora.xtec.cat\/inscomasisola\/wp-json\/wp\/v2\/media\/1121"}],"wp:attachment":[{"href":"https:\/\/agora.xtec.cat\/inscomasisola\/wp-json\/wp\/v2\/media?parent=1120"}],"wp:term":[{"taxonomy":"category","embeddable":true,"href":"https:\/\/agora.xtec.cat\/inscomasisola\/wp-json\/wp\/v2\/categories?post=1120"},{"taxonomy":"post_tag","embeddable":true,"href":"https:\/\/agora.xtec.cat\/inscomasisola\/wp-json\/wp\/v2\/tags?post=1120"}],"curies":[{"name":"wp","href":"https:\/\/api.w.org\/{rel}","templated":true}]}}