{"id":1111,"date":"2017-06-12T14:17:53","date_gmt":"2017-06-12T12:17:53","guid":{"rendered":"http:\/\/agora.xtec.cat\/inscomasisola\/?p=1111"},"modified":"2017-06-12T14:21:38","modified_gmt":"2017-06-12T12:21:38","slug":"creadors-en-residencia","status":"publish","type":"post","link":"https:\/\/agora.xtec.cat\/inscomasisola\/portada\/creadors-en-residencia\/","title":{"rendered":"Creadors en resid\u00e8ncia"},"content":{"rendered":"<p style=\"text-align: justify;\"><span style=\"font-family: verdana, sans-serif; font-size: large;\">Els alumnes d&#8217;aula oberta, han participat en el projecte Creadors en Resid\u00e8ncia als instituts de Barcelona<\/span><\/p>\n<p style=\"text-align: justify;\"><span style=\"font-family: verdana, sans-serif; font-size: large;\">Creadors en Resid\u00e8ncia \u00e9s una iniciativa conjunta de l&#8217;Institut de Cultura de Barcelona (ICUB), F\u00e0briques de creaci\u00f3, i el Consorci d&#8217;Educaci\u00f3 de Barcelona, amb la col\u00b7laboraci\u00f3 del MACBA.<br \/>\n<\/span><\/p>\n<p style=\"text-align: justify;\"><span style=\"font-family: verdana, sans-serif; font-size: large;\">En Resid\u00e8ncia \u00e9s un programa de suport a l\u2019educaci\u00f3 art\u00edstica, orientat a sensibilitzar i educar en la percepci\u00f3, comprensi\u00f3 i gaudi de les arts, com a factor clau pel desenvolupament cultural de la ciutat. Parteix de la necessitat de vincular la creaci\u00f3 art\u00edstica i l\u2019educaci\u00f3, tant per acostar l\u2019art als joves com per generar noves metodologies i nous modes d\u2019aprenentatge en el context de l\u2019educaci\u00f3 secund\u00e0ria<br \/>\n<\/span><\/p>\n<p style=\"text-align: justify;\"><span style=\"font-family: verdana, sans-serif; font-size: large;\">Els artistes residents, els creadors, intervindran als instituts com a autors, i desenvoluparan els seus projectes acompanyats pels alumnes d\u2019un grup-classe, que participar\u00e0 de manera habitual en el proc\u00e9s de creaci\u00f3<br \/>\n<\/span><\/p>\n<p style=\"text-align: justify;\"><span style=\"font-family: verdana, sans-serif; font-size: large;\">Aquest curs hem comptat amb un gran artista, el core\u00f2graf i ballar\u00ed Toni Mira<\/span><\/p>\n<p><a href=\"http:\/\/blocsenresidencia.bcn.cat\/comasisola1617\/\">Bloc en resid\u00e8ncia Institut Comas i Sol\u00e0<\/a><\/p>\n<p style=\"text-align: justify;\"><span style=\"font-family: verdana, sans-serif; font-size: large;\">Divendres dia 16 actuem al Mercat de les Flors, Sala Pina Bausch<\/span><\/p>\n","protected":false},"excerpt":{"rendered":"<p>Els alumnes d&#8217;aula oberta, han participat en el projecte Creadors en Resid\u00e8ncia als instituts de Barcelona<br \/>\nCreadors en Resid\u00e8ncia \u00e9s una iniciativa conjunta de l&#8217;Institut de Cultura de Barcelona (ICUB), F\u00e0briques de creaci\u00f3, i el Consorci d&#8217;Educaci\u00f3 de Barcelona, amb la col\u00b7laboraci\u00f3 del MACBA.<\/p>\n<p>En Resid\u00e8ncia \u00e9s&hellip;  <a href=\"https:\/\/agora.xtec.cat\/inscomasisola\/portada\/creadors-en-residencia\/\" title=\"Read Creadors en resid\u00e8ncia\">Llegeix m\u00e9s\u00bb<\/a><\/p>\n","protected":false},"author":1,"featured_media":1115,"comment_status":"closed","ping_status":"closed","sticky":false,"template":"","format":"standard","meta":{"_bbp_topic_count":0,"_bbp_reply_count":0,"_bbp_total_topic_count":0,"_bbp_total_reply_count":0,"_bbp_voice_count":0,"_bbp_anonymous_reply_count":0,"_bbp_topic_count_hidden":0,"_bbp_reply_count_hidden":0,"_bbp_forum_subforum_count":0,"footnotes":""},"categories":[56,29],"tags":[101,63],"class_list":["post-1111","post","type-post","status-publish","format-standard","has-post-thumbnail","hentry","category-aula_oberta","category-portada","tag-creadors","tag-oberta"],"post_mailing_queue_ids":[],"_links":{"self":[{"href":"https:\/\/agora.xtec.cat\/inscomasisola\/wp-json\/wp\/v2\/posts\/1111","targetHints":{"allow":["GET"]}}],"collection":[{"href":"https:\/\/agora.xtec.cat\/inscomasisola\/wp-json\/wp\/v2\/posts"}],"about":[{"href":"https:\/\/agora.xtec.cat\/inscomasisola\/wp-json\/wp\/v2\/types\/post"}],"author":[{"embeddable":true,"href":"https:\/\/agora.xtec.cat\/inscomasisola\/wp-json\/wp\/v2\/users\/1"}],"replies":[{"embeddable":true,"href":"https:\/\/agora.xtec.cat\/inscomasisola\/wp-json\/wp\/v2\/comments?post=1111"}],"version-history":[{"count":3,"href":"https:\/\/agora.xtec.cat\/inscomasisola\/wp-json\/wp\/v2\/posts\/1111\/revisions"}],"predecessor-version":[{"id":1119,"href":"https:\/\/agora.xtec.cat\/inscomasisola\/wp-json\/wp\/v2\/posts\/1111\/revisions\/1119"}],"wp:featuredmedia":[{"embeddable":true,"href":"https:\/\/agora.xtec.cat\/inscomasisola\/wp-json\/wp\/v2\/media\/1115"}],"wp:attachment":[{"href":"https:\/\/agora.xtec.cat\/inscomasisola\/wp-json\/wp\/v2\/media?parent=1111"}],"wp:term":[{"taxonomy":"category","embeddable":true,"href":"https:\/\/agora.xtec.cat\/inscomasisola\/wp-json\/wp\/v2\/categories?post=1111"},{"taxonomy":"post_tag","embeddable":true,"href":"https:\/\/agora.xtec.cat\/inscomasisola\/wp-json\/wp\/v2\/tags?post=1111"}],"curies":[{"name":"wp","href":"https:\/\/api.w.org\/{rel}","templated":true}]}}