{"id":109,"date":"2016-02-29T08:42:56","date_gmt":"2016-02-29T07:42:56","guid":{"rendered":"http:\/\/agora.xtec.cat\/inscomasisola\/?p=109"},"modified":"2016-02-29T08:52:22","modified_gmt":"2016-02-29T07:52:22","slug":"noticia-1","status":"publish","type":"post","link":"https:\/\/agora.xtec.cat\/inscomasisola\/eso\/noticia-1\/","title":{"rendered":"1r ESO a l&#8217;aquarium"},"content":{"rendered":"<p style=\"text-align: justify;\">Els alumnes de 1 de l&#8217;ESO han gaudit d&#8217;una visita guiada a les depend\u00e8ncies de l&#8217;<span class=\"il\">Aquarium<\/span>, on han vist els \u00e9ssers marins estudiats a classe en els seus h\u00e0bitats.Aix\u00ed mateix s&#8217;han pogut identificar les diferents estructures corporals i les sevesfuncions, lluint-se davant les preguntes dels monitors i aprenent nous conceptes.<\/p>\n\n\t\t<style type=\"text\/css\">\n\t\t\t#gallery-1 {\n\t\t\t\tmargin: auto;\n\t\t\t}\n\t\t\t#gallery-1 .gallery-item {\n\t\t\t\tfloat: left;\n\t\t\t\tmargin-top: 10px;\n\t\t\t\ttext-align: center;\n\t\t\t\twidth: 33%;\n\t\t\t}\n\t\t\t#gallery-1 img {\n\t\t\t\tborder: 2px solid #cfcfcf;\n\t\t\t}\n\t\t\t#gallery-1 .gallery-caption {\n\t\t\t\tmargin-left: 0;\n\t\t\t}\n\t\t\t\/* see gallery_shortcode() in wp-includes\/media.php *\/\n\t\t<\/style>\n\t\t<div id='gallery-1' class='gallery galleryid-109 gallery-columns-3 gallery-size-thumbnail'><dl class='gallery-item'>\n\t\t\t<dt class='gallery-icon landscape'>\n\t\t\t\t<a href='https:\/\/agora.xtec.cat\/inscomasisola\/eso\/noticia-1\/attachment\/20160215_112833_opt\/'><img loading=\"lazy\" decoding=\"async\" width=\"150\" height=\"150\" src=\"https:\/\/agora.xtec.cat\/inscomasisola\/wp-content\/uploads\/usu1298\/2014\/09\/20160215_112833_opt-150x150.jpg\" class=\"attachment-thumbnail size-thumbnail\" alt=\"\" \/><\/a>\n\t\t\t<\/dt><\/dl><dl class='gallery-item'>\n\t\t\t<dt class='gallery-icon landscape'>\n\t\t\t\t<a href='https:\/\/agora.xtec.cat\/inscomasisola\/eso\/noticia-1\/attachment\/20160215_132118_opt\/'><img loading=\"lazy\" decoding=\"async\" width=\"150\" height=\"150\" src=\"https:\/\/agora.xtec.cat\/inscomasisola\/wp-content\/uploads\/usu1298\/2014\/09\/20160215_132118_opt-150x150.jpg\" class=\"attachment-thumbnail size-thumbnail\" alt=\"\" \/><\/a>\n\t\t\t<\/dt><\/dl><dl class='gallery-item'>\n\t\t\t<dt class='gallery-icon landscape'>\n\t\t\t\t<a href='https:\/\/agora.xtec.cat\/inscomasisola\/eso\/noticia-1\/attachment\/20160215_115316\/'><img loading=\"lazy\" decoding=\"async\" width=\"150\" height=\"150\" src=\"https:\/\/agora.xtec.cat\/inscomasisola\/wp-content\/uploads\/usu1298\/2014\/09\/20160215_115316-150x150.jpg\" class=\"attachment-thumbnail size-thumbnail\" alt=\"\" \/><\/a>\n\t\t\t<\/dt><\/dl><br style=\"clear: both\" \/>\n\t\t<\/div>\n\n<p style=\"text-align: justify;\"><span lang=\"ca\" style=\"font-family: arial, sans-serif; font-size: 12.8px; line-height: normal;\">\u00a0<\/span><\/p>\n","protected":false},"excerpt":{"rendered":"<p>Els alumnes de 1 de l&#8217;ESO han gaudit d&#8217;una visita guiada a les depend\u00e8ncies de l&#8217;Aquarium, on han vist els \u00e9ssers marins estudiats a classe en els seus h\u00e0bitats.Aix\u00ed mateix s&#8217;han pogut identificar les diferents estructures corporals i les sevesfuncions, lluint-se davant les preguntes dels&hellip;  <a href=\"https:\/\/agora.xtec.cat\/inscomasisola\/eso\/noticia-1\/\" title=\"Read 1r ESO a l&#8217;aquarium\">Llegeix m\u00e9s\u00bb<\/a><\/p>\n","protected":false},"author":1,"featured_media":0,"comment_status":"open","ping_status":"open","sticky":false,"template":"","format":"standard","meta":{"_bbp_topic_count":0,"_bbp_reply_count":0,"_bbp_total_topic_count":0,"_bbp_total_reply_count":0,"_bbp_voice_count":0,"_bbp_anonymous_reply_count":0,"_bbp_topic_count_hidden":0,"_bbp_reply_count_hidden":0,"_bbp_forum_subforum_count":0,"footnotes":""},"categories":[3,4,9,10,29],"tags":[37,38],"class_list":["post-109","post","type-post","status-publish","format-standard","hentry","category-eso","category-eso-1","category-eso-1a","category-eso-1b","category-portada","tag-audiovisuals","tag-sant-jordi"],"post_mailing_queue_ids":[],"_links":{"self":[{"href":"https:\/\/agora.xtec.cat\/inscomasisola\/wp-json\/wp\/v2\/posts\/109","targetHints":{"allow":["GET"]}}],"collection":[{"href":"https:\/\/agora.xtec.cat\/inscomasisola\/wp-json\/wp\/v2\/posts"}],"about":[{"href":"https:\/\/agora.xtec.cat\/inscomasisola\/wp-json\/wp\/v2\/types\/post"}],"author":[{"embeddable":true,"href":"https:\/\/agora.xtec.cat\/inscomasisola\/wp-json\/wp\/v2\/users\/1"}],"replies":[{"embeddable":true,"href":"https:\/\/agora.xtec.cat\/inscomasisola\/wp-json\/wp\/v2\/comments?post=109"}],"version-history":[{"count":4,"href":"https:\/\/agora.xtec.cat\/inscomasisola\/wp-json\/wp\/v2\/posts\/109\/revisions"}],"predecessor-version":[{"id":393,"href":"https:\/\/agora.xtec.cat\/inscomasisola\/wp-json\/wp\/v2\/posts\/109\/revisions\/393"}],"wp:attachment":[{"href":"https:\/\/agora.xtec.cat\/inscomasisola\/wp-json\/wp\/v2\/media?parent=109"}],"wp:term":[{"taxonomy":"category","embeddable":true,"href":"https:\/\/agora.xtec.cat\/inscomasisola\/wp-json\/wp\/v2\/categories?post=109"},{"taxonomy":"post_tag","embeddable":true,"href":"https:\/\/agora.xtec.cat\/inscomasisola\/wp-json\/wp\/v2\/tags?post=109"}],"curies":[{"name":"wp","href":"https:\/\/api.w.org\/{rel}","templated":true}]}}