{"id":1074,"date":"2017-05-04T11:06:32","date_gmt":"2017-05-04T09:06:32","guid":{"rendered":"http:\/\/agora.xtec.cat\/inscomasisola\/?p=1074"},"modified":"2017-05-04T11:07:22","modified_gmt":"2017-05-04T09:07:22","slug":"audiencia-publica-2","status":"publish","type":"post","link":"https:\/\/agora.xtec.cat\/inscomasisola\/eso\/eso-1\/audiencia-publica-2\/","title":{"rendered":"Audi\u00e8ncia p\u00fablica"},"content":{"rendered":"<p><strong><u>VII AUDI\u00c8NCIA P\u00daBLICA ALS NOIS I NOIES DELS DISTRICTE DE SAN ANDREU\u00a0 curs 2016-17<\/u><\/strong><\/p>\n<p>Els alumnes de 1er d\u2019ESO hem estat treballant al llarg de tot el curs al voltant del tema BARCELONA, CIUTAT REFUGI amb l\u2019objectiu de poder participar a l\u2019Audi\u00e8ncia P\u00fablica als nois i noies de Barcelona que\u00a0 va tenir lloc el dia 2 de maig. al Centre C\u00edvic Bar\u00f3 de Viver on les alumnes Chari Orellana i Icram Saadi de 1er d\u2019ESO van participar de\u00a0 la\u00a0 lectura del manifest que hav\u00edem elaborat pr\u00e8viament a classe.<\/p>\n<p>El manifest reflexiona sobre els motius o situacions pel quals una persona pot arribar a ser refugiada\u00a0 com ara: una guerra, problemes personals , pol\u00edtics, ideol\u00f2gics, etc. Qualsevol persona pot arribar a ser un refugiat\/da.<\/p>\n<p>En definitiva, el que volem \u00e9s trencar fronteres i superar difer\u00e8ncies.<\/p>\n<p>Ens fa molta il\u00b7lusi\u00f3 presentar-vos el Rap que vam composar entre tots i totes durant les Trobades Intercentres, esperem que us agradi!<\/p>\n<p><a href=\"https:\/\/vimeo.com\/209559073\" data-saferedirecturl=\"https:\/\/www.google.com\/url?hl=ca&amp;q=https:\/\/vimeo.com\/209559073&amp;source=gmail&amp;ust=1493973170266000&amp;usg=AFQjCNHgCFo3Nr7tnIwM5yaLaHc1u3yw0A\">https:\/\/vimeo.com\/209559073<\/a>\u00a0\u00a0 (rap 2017)<\/p>\n<p>clau: rap2017<br \/>\n<a href=\"https:\/\/vimeo.com\/207776613\" data-saferedirecturl=\"https:\/\/www.google.com\/url?hl=ca&amp;q=https:\/\/vimeo.com\/207776613&amp;source=gmail&amp;ust=1493973170267000&amp;usg=AFQjCNHMHylGkoVuyAxQ2ssqfisijXpQGA\">https:\/\/vimeo.com\/207776613<\/a>\u00a0(V\u00eddeo resum intercentres 2017)<\/p>\n<p>clau: resum2017<\/p>\n<p><a href=\"https:\/\/btv.playty.com\/player#\/video?autoplay=1&amp;id=020517btv73audienciasantandreu\" data-saferedirecturl=\"https:\/\/www.google.com\/url?hl=ca&amp;q=https:\/\/btv.playty.com\/player%23\/video?autoplay%3D1%26id%3D020517btv73audienciasantandreu&amp;source=gmail&amp;ust=1493973170267000&amp;usg=AFQjCNGIq2M_OmABZJOgs0QvORHtKY9KLQ\">https:\/\/btv.playty.com\/player#\/video?autoplay=1&amp;id=020517btv73audienciasantandreu<\/a>\u00a0(not\u00edcies Betev\u00e9 2 maig 2017)<\/p>\n<p>Tamb\u00e9 hem \u00a0tingut l\u2019oportunitat de preguntar a la regidora \u00a0del districte, Sra. Carmen Andr\u00e9s, per quan est\u00e0 previst tancar la pres\u00f3 de la Trinitat i qu\u00e8 es pensa fer all\u00e0<\/p>\n<p>Per finalitzar, el dimarts 23 de maig dos alumnes del nostre institut acompanyats per un professor assistiran a \u00a0l\u2019Audi\u00e8ncia P\u00fablica de la ciutat que tindr\u00e0 lloc Sal\u00f3 de Cent de l&#8217;Ajuntament de Barcelona de 10 a 12h.<\/p>\n<p><a href=\"http:\/\/agora.xtec.cat\/inscomasisola\/wp-content\/uploads\/usu1298\/2017\/05\/IMG_20170502_112154-e1493888692165.jpg\"><img loading=\"lazy\" decoding=\"async\" class=\"wp-image-1078 size-medium aligncenter\" src=\"http:\/\/agora.xtec.cat\/inscomasisola\/wp-content\/uploads\/usu1298\/2017\/05\/IMG_20170502_112154-e1493888692165-300x225.jpg\" alt=\"IMG_20170502_112154\" width=\"300\" height=\"225\" srcset=\"https:\/\/agora.xtec.cat\/inscomasisola\/wp-content\/uploads\/usu1298\/2017\/05\/IMG_20170502_112154-e1493888692165-300x225.jpg 300w, https:\/\/agora.xtec.cat\/inscomasisola\/wp-content\/uploads\/usu1298\/2017\/05\/IMG_20170502_112154-e1493888692165-768x576.jpg 768w, https:\/\/agora.xtec.cat\/inscomasisola\/wp-content\/uploads\/usu1298\/2017\/05\/IMG_20170502_112154-e1493888692165-1024x768.jpg 1024w, https:\/\/agora.xtec.cat\/inscomasisola\/wp-content\/uploads\/usu1298\/2017\/05\/IMG_20170502_112154-e1493888692165-200x150.jpg 200w\" sizes=\"auto, (max-width: 300px) 100vw, 300px\" \/><\/a><\/p>\n","protected":false},"excerpt":{"rendered":"<p>VII AUDI\u00c8NCIA P\u00daBLICA ALS NOIS I NOIES DELS DISTRICTE DE SAN ANDREU\u00a0 curs 2016-17<br \/>\nEls alumnes de 1er d\u2019ESO hem estat treballant al llarg de tot el curs al voltant del tema BARCELONA, CIUTAT REFUGI amb l\u2019objectiu de poder participar a l\u2019Audi\u00e8ncia P\u00fablica als nois i&hellip;  <a href=\"https:\/\/agora.xtec.cat\/inscomasisola\/eso\/eso-1\/audiencia-publica-2\/\" title=\"Read Audi\u00e8ncia p\u00fablica\">Llegeix m\u00e9s\u00bb<\/a><\/p>\n","protected":false},"author":1,"featured_media":1076,"comment_status":"open","ping_status":"open","sticky":false,"template":"","format":"standard","meta":{"_bbp_topic_count":0,"_bbp_reply_count":0,"_bbp_total_topic_count":0,"_bbp_total_reply_count":0,"_bbp_voice_count":0,"_bbp_anonymous_reply_count":0,"_bbp_topic_count_hidden":0,"_bbp_reply_count_hidden":0,"_bbp_forum_subforum_count":0,"footnotes":""},"categories":[4,29],"tags":[71,39],"class_list":["post-1074","post","type-post","status-publish","format-standard","has-post-thumbnail","hentry","category-eso-1","category-portada","tag-1r-eso","tag-sortides"],"post_mailing_queue_ids":[],"_links":{"self":[{"href":"https:\/\/agora.xtec.cat\/inscomasisola\/wp-json\/wp\/v2\/posts\/1074","targetHints":{"allow":["GET"]}}],"collection":[{"href":"https:\/\/agora.xtec.cat\/inscomasisola\/wp-json\/wp\/v2\/posts"}],"about":[{"href":"https:\/\/agora.xtec.cat\/inscomasisola\/wp-json\/wp\/v2\/types\/post"}],"author":[{"embeddable":true,"href":"https:\/\/agora.xtec.cat\/inscomasisola\/wp-json\/wp\/v2\/users\/1"}],"replies":[{"embeddable":true,"href":"https:\/\/agora.xtec.cat\/inscomasisola\/wp-json\/wp\/v2\/comments?post=1074"}],"version-history":[{"count":3,"href":"https:\/\/agora.xtec.cat\/inscomasisola\/wp-json\/wp\/v2\/posts\/1074\/revisions"}],"predecessor-version":[{"id":1080,"href":"https:\/\/agora.xtec.cat\/inscomasisola\/wp-json\/wp\/v2\/posts\/1074\/revisions\/1080"}],"wp:featuredmedia":[{"embeddable":true,"href":"https:\/\/agora.xtec.cat\/inscomasisola\/wp-json\/wp\/v2\/media\/1076"}],"wp:attachment":[{"href":"https:\/\/agora.xtec.cat\/inscomasisola\/wp-json\/wp\/v2\/media?parent=1074"}],"wp:term":[{"taxonomy":"category","embeddable":true,"href":"https:\/\/agora.xtec.cat\/inscomasisola\/wp-json\/wp\/v2\/categories?post=1074"},{"taxonomy":"post_tag","embeddable":true,"href":"https:\/\/agora.xtec.cat\/inscomasisola\/wp-json\/wp\/v2\/tags?post=1074"}],"curies":[{"name":"wp","href":"https:\/\/api.w.org\/{rel}","templated":true}]}}