{"id":1057,"date":"2017-05-04T10:47:13","date_gmt":"2017-05-04T08:47:13","guid":{"rendered":"http:\/\/agora.xtec.cat\/inscomasisola\/?p=1057"},"modified":"2017-05-04T10:47:13","modified_gmt":"2017-05-04T08:47:13","slug":"visita-fundacio-joan-maragall","status":"publish","type":"post","link":"https:\/\/agora.xtec.cat\/inscomasisola\/eso\/eso-4\/visita-fundacio-joan-maragall\/","title":{"rendered":"Visita Fundaci\u00f3 Joan Maragall"},"content":{"rendered":"<p>Els alumnes de 4t van visitar la Fundaci\u00f3 Joan Maragall. De la m\u00e0 d&#8217;en Pere, descendent del poeta i responsable del llegat, ens endins\u00e0rem en un altre temps i un altre espai, lluny del brogit dels nostres dies per con\u00e8ixer detalls de la faceta m\u00e9s \u00edntima de Joan Maragall.<\/p>\n","protected":false},"excerpt":{"rendered":"<p>Els alumnes de 4t van visitar la Fundaci\u00f3 Joan Maragall. De la m\u00e0 d&#8217;en Pere, descendent del poeta i responsable del llegat, ens endins\u00e0rem en un altre temps i un altre espai, lluny del brogit dels nostres dies per con\u00e8ixer detalls de la faceta m\u00e9s&hellip;  <a href=\"https:\/\/agora.xtec.cat\/inscomasisola\/eso\/eso-4\/visita-fundacio-joan-maragall\/\" title=\"Read Visita Fundaci\u00f3 Joan Maragall\">Llegeix m\u00e9s\u00bb<\/a><\/p>\n","protected":false},"author":1,"featured_media":1059,"comment_status":"open","ping_status":"open","sticky":false,"template":"","format":"standard","meta":{"_bbp_topic_count":0,"_bbp_reply_count":0,"_bbp_total_topic_count":0,"_bbp_total_reply_count":0,"_bbp_voice_count":0,"_bbp_anonymous_reply_count":0,"_bbp_topic_count_hidden":0,"_bbp_reply_count_hidden":0,"_bbp_forum_subforum_count":0,"footnotes":""},"categories":[7,29],"tags":[],"class_list":["post-1057","post","type-post","status-publish","format-standard","has-post-thumbnail","hentry","category-eso-4","category-portada"],"post_mailing_queue_ids":[],"_links":{"self":[{"href":"https:\/\/agora.xtec.cat\/inscomasisola\/wp-json\/wp\/v2\/posts\/1057","targetHints":{"allow":["GET"]}}],"collection":[{"href":"https:\/\/agora.xtec.cat\/inscomasisola\/wp-json\/wp\/v2\/posts"}],"about":[{"href":"https:\/\/agora.xtec.cat\/inscomasisola\/wp-json\/wp\/v2\/types\/post"}],"author":[{"embeddable":true,"href":"https:\/\/agora.xtec.cat\/inscomasisola\/wp-json\/wp\/v2\/users\/1"}],"replies":[{"embeddable":true,"href":"https:\/\/agora.xtec.cat\/inscomasisola\/wp-json\/wp\/v2\/comments?post=1057"}],"version-history":[{"count":1,"href":"https:\/\/agora.xtec.cat\/inscomasisola\/wp-json\/wp\/v2\/posts\/1057\/revisions"}],"predecessor-version":[{"id":1058,"href":"https:\/\/agora.xtec.cat\/inscomasisola\/wp-json\/wp\/v2\/posts\/1057\/revisions\/1058"}],"wp:featuredmedia":[{"embeddable":true,"href":"https:\/\/agora.xtec.cat\/inscomasisola\/wp-json\/wp\/v2\/media\/1059"}],"wp:attachment":[{"href":"https:\/\/agora.xtec.cat\/inscomasisola\/wp-json\/wp\/v2\/media?parent=1057"}],"wp:term":[{"taxonomy":"category","embeddable":true,"href":"https:\/\/agora.xtec.cat\/inscomasisola\/wp-json\/wp\/v2\/categories?post=1057"},{"taxonomy":"post_tag","embeddable":true,"href":"https:\/\/agora.xtec.cat\/inscomasisola\/wp-json\/wp\/v2\/tags?post=1057"}],"curies":[{"name":"wp","href":"https:\/\/api.w.org\/{rel}","templated":true}]}}