{"id":1053,"date":"2017-05-01T16:50:14","date_gmt":"2017-05-01T14:50:14","guid":{"rendered":"http:\/\/agora.xtec.cat\/inscomasisola\/?p=1053"},"modified":"2017-05-01T16:50:14","modified_gmt":"2017-05-01T14:50:14","slug":"visita-a-la-colonia-guell","status":"publish","type":"post","link":"https:\/\/agora.xtec.cat\/inscomasisola\/eso\/eso-3\/visita-a-la-colonia-guell\/","title":{"rendered":"Visita a la Col\u00f2nia G\u00fcell"},"content":{"rendered":"<p>Divendres 28 d\u2019abril els alumnes de 3r ESO vam fer un recorregut per la Col\u00f2nia industrial d\u2019origen modernista que ens va captivar per el seu encant i la tranquil\u00b7litat del seu entorn que transmet l\u2019atmosfera del segle XIX que encara \u00e9s present en els seus carrers fent-la especial. Fundada per Eusebi G\u00fcell l\u2019any 1890, la col\u00f2nia, una de les \u00faltimes que es van crear a Catalunya, es pot considerar un gran projecte empresarial i tot un experiment sociol\u00f2gic de l\u2019\u00e8poca.<\/p>\n<p><a href=\"http:\/\/agora.xtec.cat\/inscomasisola\/wp-content\/uploads\/usu1298\/2017\/05\/IMG_20170428_104856.jpg\"><img loading=\"lazy\" decoding=\"async\" class=\"alignnone size-large wp-image-1054\" src=\"http:\/\/agora.xtec.cat\/inscomasisola\/wp-content\/uploads\/usu1298\/2017\/05\/IMG_20170428_104856-1024x768.jpg\" alt=\"IMG_20170428_104856\" width=\"1024\" height=\"768\" srcset=\"https:\/\/agora.xtec.cat\/inscomasisola\/wp-content\/uploads\/usu1298\/2017\/05\/IMG_20170428_104856-1024x768.jpg 1024w, https:\/\/agora.xtec.cat\/inscomasisola\/wp-content\/uploads\/usu1298\/2017\/05\/IMG_20170428_104856-300x225.jpg 300w, https:\/\/agora.xtec.cat\/inscomasisola\/wp-content\/uploads\/usu1298\/2017\/05\/IMG_20170428_104856-768x576.jpg 768w, https:\/\/agora.xtec.cat\/inscomasisola\/wp-content\/uploads\/usu1298\/2017\/05\/IMG_20170428_104856-200x150.jpg 200w\" sizes=\"auto, (max-width: 1024px) 100vw, 1024px\" \/><\/a><\/p>\n<p>&nbsp;<\/p>\n","protected":false},"excerpt":{"rendered":"<p>Divendres 28 d\u2019abril els alumnes de 3r ESO vam fer un recorregut per la Col\u00f2nia industrial d\u2019origen modernista que ens va captivar per el seu encant i la tranquil\u00b7litat del seu entorn que transmet l\u2019atmosfera del segle XIX que encara \u00e9s present en els seus&hellip;  <a href=\"https:\/\/agora.xtec.cat\/inscomasisola\/eso\/eso-3\/visita-a-la-colonia-guell\/\" title=\"Read Visita a la Col\u00f2nia G\u00fcell\">Llegeix m\u00e9s\u00bb<\/a><\/p>\n","protected":false},"author":1,"featured_media":1055,"comment_status":"open","ping_status":"open","sticky":false,"template":"","format":"standard","meta":{"_bbp_topic_count":0,"_bbp_reply_count":0,"_bbp_total_topic_count":0,"_bbp_total_reply_count":0,"_bbp_voice_count":0,"_bbp_anonymous_reply_count":0,"_bbp_topic_count_hidden":0,"_bbp_reply_count_hidden":0,"_bbp_forum_subforum_count":0,"footnotes":""},"categories":[6,29],"tags":[67,39],"class_list":["post-1053","post","type-post","status-publish","format-standard","has-post-thumbnail","hentry","category-eso-3","category-portada","tag-3r-eso","tag-sortides"],"post_mailing_queue_ids":[],"_links":{"self":[{"href":"https:\/\/agora.xtec.cat\/inscomasisola\/wp-json\/wp\/v2\/posts\/1053","targetHints":{"allow":["GET"]}}],"collection":[{"href":"https:\/\/agora.xtec.cat\/inscomasisola\/wp-json\/wp\/v2\/posts"}],"about":[{"href":"https:\/\/agora.xtec.cat\/inscomasisola\/wp-json\/wp\/v2\/types\/post"}],"author":[{"embeddable":true,"href":"https:\/\/agora.xtec.cat\/inscomasisola\/wp-json\/wp\/v2\/users\/1"}],"replies":[{"embeddable":true,"href":"https:\/\/agora.xtec.cat\/inscomasisola\/wp-json\/wp\/v2\/comments?post=1053"}],"version-history":[{"count":1,"href":"https:\/\/agora.xtec.cat\/inscomasisola\/wp-json\/wp\/v2\/posts\/1053\/revisions"}],"predecessor-version":[{"id":1056,"href":"https:\/\/agora.xtec.cat\/inscomasisola\/wp-json\/wp\/v2\/posts\/1053\/revisions\/1056"}],"wp:featuredmedia":[{"embeddable":true,"href":"https:\/\/agora.xtec.cat\/inscomasisola\/wp-json\/wp\/v2\/media\/1055"}],"wp:attachment":[{"href":"https:\/\/agora.xtec.cat\/inscomasisola\/wp-json\/wp\/v2\/media?parent=1053"}],"wp:term":[{"taxonomy":"category","embeddable":true,"href":"https:\/\/agora.xtec.cat\/inscomasisola\/wp-json\/wp\/v2\/categories?post=1053"},{"taxonomy":"post_tag","embeddable":true,"href":"https:\/\/agora.xtec.cat\/inscomasisola\/wp-json\/wp\/v2\/tags?post=1053"}],"curies":[{"name":"wp","href":"https:\/\/api.w.org\/{rel}","templated":true}]}}