{"id":1039,"date":"2017-04-17T19:48:36","date_gmt":"2017-04-17T17:48:36","guid":{"rendered":"http:\/\/agora.xtec.cat\/inscomasisola\/?p=1039"},"modified":"2017-04-17T19:48:36","modified_gmt":"2017-04-17T17:48:36","slug":"visita-el-jaciment-iberic-puig-castellar-1r-eso","status":"publish","type":"post","link":"https:\/\/agora.xtec.cat\/inscomasisola\/eso\/eso-1\/visita-el-jaciment-iberic-puig-castellar-1r-eso\/","title":{"rendered":"VISITA EL JACIMENT IB\u00c8RIC PUIG CASTELLAR  1r ESO"},"content":{"rendered":"<p>1r. ESO VISITA EL JACIMENT IB\u00c8RIC PUIG CASTELLAR<\/p>\n<p>Els alumnes de 1r. d\u2019ESO van visitar el poblat ib\u00e8ric de Puig Castellar situat al tur\u00f3 del Pollo, dins del terme de Santa Coloma de Gramenet. Enlairat a 303 metres d\u2019altitud, cosa que permetia als seus habitants controlar el territori, permet veure unes magn\u00edfiques vistes de la plana de Barcelona i les serres que la delimiten. Els alumnes van rec\u00f3rrer els carrers del poblat, entrant dins d\u2019una vivenda reconstru\u00efda, van poder con\u00e8ixer la forma de vida dels seus habitants i les caracter\u00edstiques culturals del poble \u00edber.<\/p>\n","protected":false},"excerpt":{"rendered":"<p>1r. ESO VISITA EL JACIMENT IB\u00c8RIC PUIG CASTELLAR<br \/>\nEls alumnes de 1r. d\u2019ESO van visitar el poblat ib\u00e8ric de Puig Castellar situat al tur\u00f3 del Pollo, dins del terme de Santa Coloma de Gramenet. Enlairat a 303 metres d\u2019altitud, cosa que permetia als seus habitants controlar&hellip;  <a href=\"https:\/\/agora.xtec.cat\/inscomasisola\/eso\/eso-1\/visita-el-jaciment-iberic-puig-castellar-1r-eso\/\" title=\"Read VISITA EL JACIMENT IB\u00c8RIC PUIG CASTELLAR  1r ESO\">Llegeix m\u00e9s\u00bb<\/a><\/p>\n","protected":false},"author":1,"featured_media":1040,"comment_status":"open","ping_status":"open","sticky":false,"template":"","format":"standard","meta":{"_bbp_topic_count":0,"_bbp_reply_count":0,"_bbp_total_topic_count":0,"_bbp_total_reply_count":0,"_bbp_voice_count":0,"_bbp_anonymous_reply_count":0,"_bbp_topic_count_hidden":0,"_bbp_reply_count_hidden":0,"_bbp_forum_subforum_count":0,"footnotes":""},"categories":[4,29],"tags":[],"class_list":["post-1039","post","type-post","status-publish","format-standard","has-post-thumbnail","hentry","category-eso-1","category-portada"],"post_mailing_queue_ids":[],"_links":{"self":[{"href":"https:\/\/agora.xtec.cat\/inscomasisola\/wp-json\/wp\/v2\/posts\/1039","targetHints":{"allow":["GET"]}}],"collection":[{"href":"https:\/\/agora.xtec.cat\/inscomasisola\/wp-json\/wp\/v2\/posts"}],"about":[{"href":"https:\/\/agora.xtec.cat\/inscomasisola\/wp-json\/wp\/v2\/types\/post"}],"author":[{"embeddable":true,"href":"https:\/\/agora.xtec.cat\/inscomasisola\/wp-json\/wp\/v2\/users\/1"}],"replies":[{"embeddable":true,"href":"https:\/\/agora.xtec.cat\/inscomasisola\/wp-json\/wp\/v2\/comments?post=1039"}],"version-history":[{"count":2,"href":"https:\/\/agora.xtec.cat\/inscomasisola\/wp-json\/wp\/v2\/posts\/1039\/revisions"}],"predecessor-version":[{"id":1042,"href":"https:\/\/agora.xtec.cat\/inscomasisola\/wp-json\/wp\/v2\/posts\/1039\/revisions\/1042"}],"wp:featuredmedia":[{"embeddable":true,"href":"https:\/\/agora.xtec.cat\/inscomasisola\/wp-json\/wp\/v2\/media\/1040"}],"wp:attachment":[{"href":"https:\/\/agora.xtec.cat\/inscomasisola\/wp-json\/wp\/v2\/media?parent=1039"}],"wp:term":[{"taxonomy":"category","embeddable":true,"href":"https:\/\/agora.xtec.cat\/inscomasisola\/wp-json\/wp\/v2\/categories?post=1039"},{"taxonomy":"post_tag","embeddable":true,"href":"https:\/\/agora.xtec.cat\/inscomasisola\/wp-json\/wp\/v2\/tags?post=1039"}],"curies":[{"name":"wp","href":"https:\/\/api.w.org\/{rel}","templated":true}]}}