{"id":1028,"date":"2017-03-18T12:15:33","date_gmt":"2017-03-18T11:15:33","guid":{"rendered":"http:\/\/agora.xtec.cat\/inscomasisola\/?p=1028"},"modified":"2017-03-31T12:16:20","modified_gmt":"2017-03-31T10:16:20","slug":"visita-a-la-casa-arxiu-de-joan-maragall","status":"publish","type":"post","link":"https:\/\/agora.xtec.cat\/inscomasisola\/eso\/eso-4\/visita-a-la-casa-arxiu-de-joan-maragall\/","title":{"rendered":"Visita a la casa-arxiu de Joan Maragall"},"content":{"rendered":"<p>El dimarts 14 de mar\u00e7, l\u2019alumnat de 4t ha visitat la casa-arxiu de l\u2019escriptor modernista, Joan Maragall. La visita ha estat guiada per en Pere Maragall, que ens ha ensenyat diferents estances de la casa i ens ha anat explicant l\u2019origen d\u2019alguns dels mobles i quadres, entre d\u2019altres. L\u2019alumnat ha anat llegint en cada habitaci\u00f3, una poesia relacionada amb el tema del qual ens parlava en Pere Maragall.<\/p>\n<p>La visita ens ha servit per con\u00e8ixer, una mica m\u00e9s, una de les figures m\u00e9s representatives de la literatura catalana.<\/p>\n<p><a href=\"http:\/\/agora.xtec.cat\/inscomasisola\/wp-content\/uploads\/usu1298\/2017\/03\/Casa-Joan-Maragall_1_opt.jpg\"><img loading=\"lazy\" decoding=\"async\" class=\"alignnone size-full wp-image-1029\" src=\"http:\/\/agora.xtec.cat\/inscomasisola\/wp-content\/uploads\/usu1298\/2017\/03\/Casa-Joan-Maragall_1_opt.jpg\" alt=\"Casa Joan Maragall_1_opt\" width=\"400\" height=\"533\" srcset=\"https:\/\/agora.xtec.cat\/inscomasisola\/wp-content\/uploads\/usu1298\/2017\/03\/Casa-Joan-Maragall_1_opt.jpg 400w, https:\/\/agora.xtec.cat\/inscomasisola\/wp-content\/uploads\/usu1298\/2017\/03\/Casa-Joan-Maragall_1_opt-225x300.jpg 225w\" sizes=\"auto, (max-width: 400px) 100vw, 400px\" \/><\/a><\/p>\n<p>&nbsp;<\/p>\n","protected":false},"excerpt":{"rendered":"<p>El dimarts 14 de mar\u00e7, l\u2019alumnat de 4t ha visitat la casa-arxiu de l\u2019escriptor modernista, Joan Maragall. La visita ha estat guiada per en Pere Maragall, que ens ha ensenyat diferents estances de la casa i ens ha anat explicant l\u2019origen d\u2019alguns dels mobles i&hellip;  <a href=\"https:\/\/agora.xtec.cat\/inscomasisola\/eso\/eso-4\/visita-a-la-casa-arxiu-de-joan-maragall\/\" title=\"Read Visita a la casa-arxiu de Joan Maragall\">Llegeix m\u00e9s\u00bb<\/a><\/p>\n","protected":false},"author":1,"featured_media":1030,"comment_status":"open","ping_status":"open","sticky":false,"template":"","format":"standard","meta":{"_bbp_topic_count":0,"_bbp_reply_count":0,"_bbp_total_topic_count":0,"_bbp_total_reply_count":0,"_bbp_voice_count":0,"_bbp_anonymous_reply_count":0,"_bbp_topic_count_hidden":0,"_bbp_reply_count_hidden":0,"_bbp_forum_subforum_count":0,"footnotes":""},"categories":[7,29],"tags":[],"class_list":["post-1028","post","type-post","status-publish","format-standard","has-post-thumbnail","hentry","category-eso-4","category-portada"],"post_mailing_queue_ids":[],"_links":{"self":[{"href":"https:\/\/agora.xtec.cat\/inscomasisola\/wp-json\/wp\/v2\/posts\/1028","targetHints":{"allow":["GET"]}}],"collection":[{"href":"https:\/\/agora.xtec.cat\/inscomasisola\/wp-json\/wp\/v2\/posts"}],"about":[{"href":"https:\/\/agora.xtec.cat\/inscomasisola\/wp-json\/wp\/v2\/types\/post"}],"author":[{"embeddable":true,"href":"https:\/\/agora.xtec.cat\/inscomasisola\/wp-json\/wp\/v2\/users\/1"}],"replies":[{"embeddable":true,"href":"https:\/\/agora.xtec.cat\/inscomasisola\/wp-json\/wp\/v2\/comments?post=1028"}],"version-history":[{"count":1,"href":"https:\/\/agora.xtec.cat\/inscomasisola\/wp-json\/wp\/v2\/posts\/1028\/revisions"}],"predecessor-version":[{"id":1031,"href":"https:\/\/agora.xtec.cat\/inscomasisola\/wp-json\/wp\/v2\/posts\/1028\/revisions\/1031"}],"wp:featuredmedia":[{"embeddable":true,"href":"https:\/\/agora.xtec.cat\/inscomasisola\/wp-json\/wp\/v2\/media\/1030"}],"wp:attachment":[{"href":"https:\/\/agora.xtec.cat\/inscomasisola\/wp-json\/wp\/v2\/media?parent=1028"}],"wp:term":[{"taxonomy":"category","embeddable":true,"href":"https:\/\/agora.xtec.cat\/inscomasisola\/wp-json\/wp\/v2\/categories?post=1028"},{"taxonomy":"post_tag","embeddable":true,"href":"https:\/\/agora.xtec.cat\/inscomasisola\/wp-json\/wp\/v2\/tags?post=1028"}],"curies":[{"name":"wp","href":"https:\/\/api.w.org\/{rel}","templated":true}]}}