{"id":1002,"date":"2017-03-03T10:11:40","date_gmt":"2017-03-03T09:11:40","guid":{"rendered":"http:\/\/agora.xtec.cat\/inscomasisola\/?p=1002"},"modified":"2017-03-03T10:13:10","modified_gmt":"2017-03-03T09:13:10","slug":"trobada-intercentres","status":"publish","type":"post","link":"https:\/\/agora.xtec.cat\/inscomasisola\/eso\/eso-1\/trobada-intercentres\/","title":{"rendered":"Trobada intercentres"},"content":{"rendered":"<p>L&#8217;institut ha participat en la segona trobada intercentres al&#8217;Espai Jove Garcilaso. Durant aquesta trobada intercentres,\u00a0la BTV es va assabentar de l&#8217;esdeveniment i va venir a gravar una mica la jornada. Aqu\u00ed teniu<strong>\u00a0l&#8217;enlla\u00e7:<\/strong><\/p>\n<p><a href=\"http:\/\/beteve.cat\/190-alumnes-de-sant-andreu-preparen-laudiencia-publica-dels-nois-i-noies-del-districte\/\" data-saferedirecturl=\"https:\/\/www.google.com\/url?hl=ca&amp;q=http:\/\/beteve.cat\/190-alumnes-de-sant-andreu-preparen-laudiencia-publica-dels-nois-i-noies-del-districte\/&amp;source=gmail&amp;ust=1488617756495000&amp;usg=AFQjCNGHfkbgQBEbNJ3gbLaaqnYVUK9ifw\">http:\/\/beteve.cat\/190-alumnes-de-sant-andreu-preparen-laudiencia-publica-dels-nois-i-noies-del-distric<\/a><\/p>\n<p>La pr\u00f2xima trobada \u00e9s el proper 14 de mar\u00e7 amb\u00a0 la redacci\u00f3 del manifest.<\/p>\n","protected":false},"excerpt":{"rendered":"<p>L&#8217;institut ha participat en la segona trobada intercentres al&#8217;Espai Jove Garcilaso. Durant aquesta trobada intercentres,\u00a0la BTV es va assabentar de l&#8217;esdeveniment i va venir a gravar una mica la jornada. Aqu\u00ed teniu\u00a0l&#8217;enlla\u00e7:<br \/>\n<a href=\"http:\/\/beteve.cat\/190-alumnes-de-sant-andreu-preparen-laudiencia-publica-dels-nois-i-noies-del-districte\/\" data-saferedirecturl=\"https:\/\/www.google.com\/url?hl=ca&amp;q=http:\/\/beteve.cat\/190-alumnes-de-sant-andreu-preparen-laudiencia-publica-dels-nois-i-noies-del-districte\/&amp;source=gmail&amp;ust=1488617756495000&amp;usg=AFQjCNGHfkbgQBEbNJ3gbLaaqnYVUK9ifw\">http:\/\/beteve.cat\/190-alumnes-de-sant-andreu-preparen-laudiencia-publica-dels-nois-i-noies-del-distric<\/a><br \/>\nLa pr\u00f2xima trobada \u00e9s el proper 14 de mar\u00e7 amb\u00a0 la redacci\u00f3&hellip;  <a href=\"https:\/\/agora.xtec.cat\/inscomasisola\/eso\/eso-1\/trobada-intercentres\/\" title=\"Read Trobada intercentres\">Llegeix m\u00e9s\u00bb<\/a><\/p>\n","protected":false},"author":1,"featured_media":0,"comment_status":"open","ping_status":"open","sticky":false,"template":"","format":"standard","meta":{"_bbp_topic_count":0,"_bbp_reply_count":0,"_bbp_total_topic_count":0,"_bbp_total_reply_count":0,"_bbp_voice_count":0,"_bbp_anonymous_reply_count":0,"_bbp_topic_count_hidden":0,"_bbp_reply_count_hidden":0,"_bbp_forum_subforum_count":0,"footnotes":""},"categories":[4,29],"tags":[],"class_list":["post-1002","post","type-post","status-publish","format-standard","hentry","category-eso-1","category-portada"],"post_mailing_queue_ids":[],"_links":{"self":[{"href":"https:\/\/agora.xtec.cat\/inscomasisola\/wp-json\/wp\/v2\/posts\/1002","targetHints":{"allow":["GET"]}}],"collection":[{"href":"https:\/\/agora.xtec.cat\/inscomasisola\/wp-json\/wp\/v2\/posts"}],"about":[{"href":"https:\/\/agora.xtec.cat\/inscomasisola\/wp-json\/wp\/v2\/types\/post"}],"author":[{"embeddable":true,"href":"https:\/\/agora.xtec.cat\/inscomasisola\/wp-json\/wp\/v2\/users\/1"}],"replies":[{"embeddable":true,"href":"https:\/\/agora.xtec.cat\/inscomasisola\/wp-json\/wp\/v2\/comments?post=1002"}],"version-history":[{"count":2,"href":"https:\/\/agora.xtec.cat\/inscomasisola\/wp-json\/wp\/v2\/posts\/1002\/revisions"}],"predecessor-version":[{"id":1004,"href":"https:\/\/agora.xtec.cat\/inscomasisola\/wp-json\/wp\/v2\/posts\/1002\/revisions\/1004"}],"wp:attachment":[{"href":"https:\/\/agora.xtec.cat\/inscomasisola\/wp-json\/wp\/v2\/media?parent=1002"}],"wp:term":[{"taxonomy":"category","embeddable":true,"href":"https:\/\/agora.xtec.cat\/inscomasisola\/wp-json\/wp\/v2\/categories?post=1002"},{"taxonomy":"post_tag","embeddable":true,"href":"https:\/\/agora.xtec.cat\/inscomasisola\/wp-json\/wp\/v2\/tags?post=1002"}],"curies":[{"name":"wp","href":"https:\/\/api.w.org\/{rel}","templated":true}]}}