{"id":8250,"date":"2026-04-23T18:13:14","date_gmt":"2026-04-23T16:13:14","guid":{"rendered":"https:\/\/agora.xtec.cat\/inscavallbernat\/?p=8250"},"modified":"2026-04-23T18:13:46","modified_gmt":"2026-04-23T16:13:46","slug":"el-projecte-alicia-gracies-a-dualiza-la-caixa","status":"publish","type":"post","link":"https:\/\/agora.xtec.cat\/inscavallbernat\/portada\/el-projecte-alicia-gracies-a-dualiza-la-caixa\/","title":{"rendered":"El projecte Al\u00edcia gr\u00e0cies a Dualiza La Caixa"},"content":{"rendered":"<p><img loading=\"lazy\" decoding=\"async\" class=\"aligncenter wp-image-8248\" src=\"https:\/\/agora.xtec.cat\/inscavallbernat\/wp-content\/uploads\/usu1351\/2026\/04\/IMG_6285-scaled.jpg\" alt=\"\" width=\"209\" height=\"279\" srcset=\"https:\/\/agora.xtec.cat\/inscavallbernat\/wp-content\/uploads\/usu1351\/2026\/04\/IMG_6285-scaled.jpg 1920w, https:\/\/agora.xtec.cat\/inscavallbernat\/wp-content\/uploads\/usu1351\/2026\/04\/IMG_6285-225x300.jpg 225w, https:\/\/agora.xtec.cat\/inscavallbernat\/wp-content\/uploads\/usu1351\/2026\/04\/IMG_6285-768x1024.jpg 768w, https:\/\/agora.xtec.cat\/inscavallbernat\/wp-content\/uploads\/usu1351\/2026\/04\/IMG_6285-1152x1536.jpg 1152w, https:\/\/agora.xtec.cat\/inscavallbernat\/wp-content\/uploads\/usu1351\/2026\/04\/IMG_6285-1536x2048.jpg 1536w\" sizes=\"auto, (max-width: 209px) 100vw, 209px\" \/><\/p>\n<p>L&#8217;alumnat de segon de Pastisseria realitza durant aquest curs el projecte &#8220;Al\u00edcia&#8221;,\u00a0 guardonat amb una beca del programa <strong>Dualiza La Caixa<\/strong>.\u00a0 &#8220;Al\u00edcia i la dansa de les mil meravelles&#8221; \u00e9s un ballet basat en la novel\u00b7la de Lewis Carroll i en les nombroses adaptacions visuals que d&#8217;ella se n&#8217;han fet, s&#8217;ha programat dins el cicle de dansa de <strong>LaFACT<\/strong>, Factoria Cultural de Terrassa, i el nostre alumnat s&#8217;ha encarregat de fer les elaboracions dolces per a la recepci\u00f3 de despr\u00e9s de la funci\u00f3.<\/p>\n<p>Aquest projecte es fa en coordinaci\u00f3 amb els cicles de la fam\u00edlia d&#8217;Imatge personal de l&#8217;<strong>Institut Terrassa<\/strong>.<\/p>\n<p><img loading=\"lazy\" decoding=\"async\" class=\"aligncenter size-full wp-image-8251\" src=\"https:\/\/agora.xtec.cat\/inscavallbernat\/wp-content\/uploads\/usu1351\/2026\/04\/CaixaBank-Dualiza_Logo_Horitzontal_RGB_Fons_Blanc-2048x596-1.jpg\" alt=\"\" width=\"2048\" height=\"596\" srcset=\"https:\/\/agora.xtec.cat\/inscavallbernat\/wp-content\/uploads\/usu1351\/2026\/04\/CaixaBank-Dualiza_Logo_Horitzontal_RGB_Fons_Blanc-2048x596-1.jpg 2048w, https:\/\/agora.xtec.cat\/inscavallbernat\/wp-content\/uploads\/usu1351\/2026\/04\/CaixaBank-Dualiza_Logo_Horitzontal_RGB_Fons_Blanc-2048x596-1-300x87.jpg 300w, https:\/\/agora.xtec.cat\/inscavallbernat\/wp-content\/uploads\/usu1351\/2026\/04\/CaixaBank-Dualiza_Logo_Horitzontal_RGB_Fons_Blanc-2048x596-1-1024x298.jpg 1024w, https:\/\/agora.xtec.cat\/inscavallbernat\/wp-content\/uploads\/usu1351\/2026\/04\/CaixaBank-Dualiza_Logo_Horitzontal_RGB_Fons_Blanc-2048x596-1-768x224.jpg 768w, https:\/\/agora.xtec.cat\/inscavallbernat\/wp-content\/uploads\/usu1351\/2026\/04\/CaixaBank-Dualiza_Logo_Horitzontal_RGB_Fons_Blanc-2048x596-1-1536x447.jpg 1536w\" sizes=\"auto, (max-width: 2048px) 100vw, 2048px\" \/><\/p>\n","protected":false},"excerpt":{"rendered":"<p>L&#8217;alumnat de segon de Pastisseria realitza durant aquest curs el projecte &#8220;Al\u00edcia&#8221;,\u00a0 guardonat amb una beca del programa Dualiza La Caixa.\u00a0 &#8220;Al\u00edcia i la dansa de les mil meravelles&#8221; \u00e9s un ballet basat en la novel\u00b7la de Lewis Carroll i en les nombroses adaptacions visuals&hellip;  <a href=\"https:\/\/agora.xtec.cat\/inscavallbernat\/portada\/el-projecte-alicia-gracies-a-dualiza-la-caixa\/\" title=\"Read El projecte Al\u00edcia gr\u00e0cies a Dualiza La Caixa\">Llegeix m\u00e9s\u00bb<\/a><\/p>\n","protected":false},"author":1,"featured_media":0,"comment_status":"open","ping_status":"open","sticky":false,"template":"","format":"standard","meta":{"_bbp_topic_count":0,"_bbp_reply_count":0,"_bbp_total_topic_count":0,"_bbp_total_reply_count":0,"_bbp_voice_count":0,"_bbp_anonymous_reply_count":0,"_bbp_topic_count_hidden":0,"_bbp_reply_count_hidden":0,"_bbp_forum_subforum_count":0,"footnotes":""},"categories":[29,160],"tags":[],"class_list":["post-8250","post","type-post","status-publish","format-standard","hentry","category-portada","category-sortides-i-activitats"],"post_mailing_queue_ids":[],"_links":{"self":[{"href":"https:\/\/agora.xtec.cat\/inscavallbernat\/wp-json\/wp\/v2\/posts\/8250","targetHints":{"allow":["GET"]}}],"collection":[{"href":"https:\/\/agora.xtec.cat\/inscavallbernat\/wp-json\/wp\/v2\/posts"}],"about":[{"href":"https:\/\/agora.xtec.cat\/inscavallbernat\/wp-json\/wp\/v2\/types\/post"}],"author":[{"embeddable":true,"href":"https:\/\/agora.xtec.cat\/inscavallbernat\/wp-json\/wp\/v2\/users\/1"}],"replies":[{"embeddable":true,"href":"https:\/\/agora.xtec.cat\/inscavallbernat\/wp-json\/wp\/v2\/comments?post=8250"}],"version-history":[{"count":2,"href":"https:\/\/agora.xtec.cat\/inscavallbernat\/wp-json\/wp\/v2\/posts\/8250\/revisions"}],"predecessor-version":[{"id":8253,"href":"https:\/\/agora.xtec.cat\/inscavallbernat\/wp-json\/wp\/v2\/posts\/8250\/revisions\/8253"}],"wp:attachment":[{"href":"https:\/\/agora.xtec.cat\/inscavallbernat\/wp-json\/wp\/v2\/media?parent=8250"}],"wp:term":[{"taxonomy":"category","embeddable":true,"href":"https:\/\/agora.xtec.cat\/inscavallbernat\/wp-json\/wp\/v2\/categories?post=8250"},{"taxonomy":"post_tag","embeddable":true,"href":"https:\/\/agora.xtec.cat\/inscavallbernat\/wp-json\/wp\/v2\/tags?post=8250"}],"curies":[{"name":"wp","href":"https:\/\/api.w.org\/{rel}","templated":true}]}}