{"id":8069,"date":"2025-12-16T19:30:49","date_gmt":"2025-12-16T18:30:49","guid":{"rendered":"https:\/\/agora.xtec.cat\/inscavallbernat\/?p=8069"},"modified":"2025-12-16T19:30:49","modified_gmt":"2025-12-16T18:30:49","slug":"resolucio-del-proces-de-seleccio-erasmus-de-grau-mitja","status":"publish","type":"post","link":"https:\/\/agora.xtec.cat\/inscavallbernat\/portada\/resolucio-del-proces-de-seleccio-erasmus-de-grau-mitja\/","title":{"rendered":"Resoluci\u00f3 del proc\u00e9s de selecci\u00f3 Erasmus+ de Grau Mitj\u00e0"},"content":{"rendered":"<p>Consulteu aqu\u00ed la <a href=\"https:\/\/drive.google.com\/file\/d\/1to9AtEtR8evEpW0sruE7hr-XQ2UC3jWc\/view?usp=drive_link\" target=\"_blank\" rel=\"noopener\"><strong>resoluci\u00f3 oficial del proc\u00e9s de selecci\u00f3<\/strong><\/a>, en la qual es recull la relaci\u00f3 d\u2019<strong>alumnat adm\u00e8s amb pla\u00e7a, alumnat adm\u00e8s en reserva i, si escau, alumnat no adm\u00e8s<\/strong>, elaborada d\u2019acord amb els criteris establerts a la convocat\u00f2ria i ordenada segons la puntuaci\u00f3 final obtinguda.<\/p>\n<p>Volem <strong>agrair a tot l\u2019alumnat participant l\u2019inter\u00e8s mostrat, la implicaci\u00f3 i l\u2019esfor\u00e7 realitzat<\/strong>\u00a0al llarg de les diferents fases del proc\u00e9s de selecci\u00f3. L\u2019elevada participaci\u00f3 registrada en aquesta convocat\u00f2ria posa de manifest l\u2019alt grau de motivaci\u00f3 de l\u2019alumnat per formar part d\u2019una experi\u00e8ncia internacional de gran valor formatiu i personal.<\/p>\n<p>A l\u2019<strong>alumnat seleccionat amb pla\u00e7a<\/strong>, us volem traslladar la nostra enhorabona per haver superat el proc\u00e9s de selecci\u00f3. En els pr\u00f2xims dies se us facilitar\u00e0 informaci\u00f3 m\u00e9s detallada sobre els <strong>seg\u00fcents passos a seguir<\/strong>, aix\u00ed com sobre les reunions informatives, la documentaci\u00f3 necess\u00e0ria i el calendari previst per a la preparaci\u00f3 de la mobilitat.<\/p>\n<p>A l\u2019<strong>alumnat adm\u00e8s en reserva<\/strong>, us recordem que aquesta situaci\u00f3 comporta la possibilitat d\u2019accedir a una pla\u00e7a Erasmus+ en el cas que es produeixin\u00a0<strong>ren\u00fancies volunt\u00e0ries, incid\u00e8ncies documentals o qualsevol altra circumst\u00e0ncia que generi vacants<\/strong>, les quals s\u2019assignaran\u00a0<strong>seguint estrictament l\u2019ordre de puntuaci\u00f3<\/strong>\u00a0establert a la resoluci\u00f3.<\/p>\n<p>En el cas de l\u2019<strong>alumnat no adm\u00e8s<\/strong>, quan n\u2019hi hagi, volem transmetre que la seva situaci\u00f3 respon \u00fanicament al compliment dels criteris m\u00ednims fixats a la convocat\u00f2ria, i en cap cas a una valoraci\u00f3 personal. Us animem a continuar participant en futures convocat\u00f2ries i a mantenir l\u2019inter\u00e8s pel programa Erasmus+, at\u00e8s que es tracta d\u2019una experi\u00e8ncia altament enriquidora i molt valorada tant a nivell acad\u00e8mic com professional.<\/p>\n<p>El\u00a0<strong>programa Erasmus+<\/strong>\u00a0ofereix a l\u2019alumnat l\u2019oportunitat de realitzar\u00a0<strong>estades formatives a l\u2019estranger<\/strong>, adquirir noves compet\u00e8ncies professionals, millorar les habilitats ling\u00fc\u00edstiques, refor\u00e7ar l\u2019autonomia personal i ampliar la visi\u00f3 intercultural, aspectes que contribueixen de manera molt positiva a l&#8217;ocupabilitat<strong>\u00a0futura<\/strong>\u00a0i al desenvolupament integral de l\u2019alumnat.<\/p>\n<p>Per a qualsevol aclariment addicional, podeu posar-vos en contacte amb l\u2019<strong>Equip de Mobilitat Internacional<\/strong>, que resta a la vostra disposici\u00f3 per atendre consultes o resoldre dubtes relacionats amb la present resoluci\u00f3.<\/p>\n<p>L\u2019alumnat seleccionat amb pla\u00e7a queda citat a l\u2019<strong>Institut Cavall Bernat<\/strong>, a la\u00a0<strong>biblioteca<\/strong>, el\u00a0<strong>divendres dia 19 a les 10.00 h<\/strong>, per a la celebraci\u00f3 d\u2019una\u00a0<strong>primera reuni\u00f3 informativa<\/strong>.<\/p>\n<p><img loading=\"lazy\" decoding=\"async\" class=\"aligncenter size-full wp-image-8070\" src=\"https:\/\/agora.xtec.cat\/inscavallbernat\/wp-content\/uploads\/usu1351\/2025\/12\/erasmus-programme-for-teachers-1.jpg\" alt=\"\" width=\"800\" height=\"360\" srcset=\"https:\/\/agora.xtec.cat\/inscavallbernat\/wp-content\/uploads\/usu1351\/2025\/12\/erasmus-programme-for-teachers-1.jpg 800w, https:\/\/agora.xtec.cat\/inscavallbernat\/wp-content\/uploads\/usu1351\/2025\/12\/erasmus-programme-for-teachers-1-300x135.jpg 300w, https:\/\/agora.xtec.cat\/inscavallbernat\/wp-content\/uploads\/usu1351\/2025\/12\/erasmus-programme-for-teachers-1-768x346.jpg 768w\" sizes=\"auto, (max-width: 800px) 100vw, 800px\" \/><\/p>\n","protected":false},"excerpt":{"rendered":"<p>Consulteu aqu\u00ed la <a href=\"https:\/\/drive.google.com\/file\/d\/1to9AtEtR8evEpW0sruE7hr-XQ2UC3jWc\/view?usp=drive_link\" target=\"_blank\" rel=\"noopener\">resoluci\u00f3 oficial del proc\u00e9s de selecci\u00f3<\/a>, en la qual es recull la relaci\u00f3 d\u2019alumnat adm\u00e8s amb pla\u00e7a, alumnat adm\u00e8s en reserva i, si escau, alumnat no adm\u00e8s, elaborada d\u2019acord amb els criteris establerts a la convocat\u00f2ria i ordenada segons&hellip;  <a href=\"https:\/\/agora.xtec.cat\/inscavallbernat\/portada\/resolucio-del-proces-de-seleccio-erasmus-de-grau-mitja\/\" title=\"Read Resoluci\u00f3 del proc\u00e9s de selecci\u00f3 Erasmus+ de Grau Mitj\u00e0\">Llegeix m\u00e9s\u00bb<\/a><\/p>\n","protected":false},"author":1,"featured_media":0,"comment_status":"open","ping_status":"open","sticky":false,"template":"","format":"standard","meta":{"_bbp_topic_count":0,"_bbp_reply_count":0,"_bbp_total_topic_count":0,"_bbp_total_reply_count":0,"_bbp_voice_count":0,"_bbp_anonymous_reply_count":0,"_bbp_topic_count_hidden":0,"_bbp_reply_count_hidden":0,"_bbp_forum_subforum_count":0,"footnotes":""},"categories":[149,29],"tags":[],"class_list":["post-8069","post","type-post","status-publish","format-standard","hentry","category-newsnoticies","category-portada"],"post_mailing_queue_ids":[],"_links":{"self":[{"href":"https:\/\/agora.xtec.cat\/inscavallbernat\/wp-json\/wp\/v2\/posts\/8069","targetHints":{"allow":["GET"]}}],"collection":[{"href":"https:\/\/agora.xtec.cat\/inscavallbernat\/wp-json\/wp\/v2\/posts"}],"about":[{"href":"https:\/\/agora.xtec.cat\/inscavallbernat\/wp-json\/wp\/v2\/types\/post"}],"author":[{"embeddable":true,"href":"https:\/\/agora.xtec.cat\/inscavallbernat\/wp-json\/wp\/v2\/users\/1"}],"replies":[{"embeddable":true,"href":"https:\/\/agora.xtec.cat\/inscavallbernat\/wp-json\/wp\/v2\/comments?post=8069"}],"version-history":[{"count":1,"href":"https:\/\/agora.xtec.cat\/inscavallbernat\/wp-json\/wp\/v2\/posts\/8069\/revisions"}],"predecessor-version":[{"id":8071,"href":"https:\/\/agora.xtec.cat\/inscavallbernat\/wp-json\/wp\/v2\/posts\/8069\/revisions\/8071"}],"wp:attachment":[{"href":"https:\/\/agora.xtec.cat\/inscavallbernat\/wp-json\/wp\/v2\/media?parent=8069"}],"wp:term":[{"taxonomy":"category","embeddable":true,"href":"https:\/\/agora.xtec.cat\/inscavallbernat\/wp-json\/wp\/v2\/categories?post=8069"},{"taxonomy":"post_tag","embeddable":true,"href":"https:\/\/agora.xtec.cat\/inscavallbernat\/wp-json\/wp\/v2\/tags?post=8069"}],"curies":[{"name":"wp","href":"https:\/\/api.w.org\/{rel}","templated":true}]}}