{"id":8018,"date":"2025-11-17T17:01:28","date_gmt":"2025-11-17T16:01:28","guid":{"rendered":"https:\/\/agora.xtec.cat\/inscavallbernat\/?p=8018"},"modified":"2025-11-17T17:01:56","modified_gmt":"2025-11-17T16:01:56","slug":"beques-de-jobshadowing-per-al-professorat-dfp","status":"publish","type":"post","link":"https:\/\/agora.xtec.cat\/inscavallbernat\/portada\/beques-de-jobshadowing-per-al-professorat-dfp\/","title":{"rendered":"Beques de jobshadowing per al professorat d&#8217;FP"},"content":{"rendered":"<p>Us informem que ja \u00e9s oberta la\u00a0<strong>Convocat\u00f2ria Erasmus+ 2024\/2025 per a la realitzaci\u00f3 de mobilitats de Jobshadowing<\/strong>\u00a0adre\u00e7ada al\u00a0<strong>personal docent<\/strong>\u00a0relacionat amb els cicles formatius de Grau Mitj\u00e0 i Grau Superior del centre durant el curs\u00a0<strong>2025-2026<\/strong>.<\/p>\n<p>Aquesta convocat\u00f2ria permet als participants realitzar\u00a0<strong>estades de formaci\u00f3 a l\u2019estranger d\u2019entre 5 i 7 dies<\/strong>, en funci\u00f3 del dest\u00ed assignat, amb l\u2019objectiu de refor\u00e7ar compet\u00e8ncies professionals, con\u00e8ixer metodologies d\u2019altres centres i afavorir la internacionalitzaci\u00f3 del nostre institut.<\/p>\n<hr \/>\n<h2><strong>Destinacions i places disponibles<\/strong><\/h2>\n<p>Segons la resoluci\u00f3 del SEPIE i el projecte adjudicat al centre, s\u2019ofereixen les seg\u00fcents mobilitats:<\/p>\n<ul>\n<li><strong>It\u00e0lia<\/strong>\u00a0\u2013 1 pla\u00e7a \u2013\u00a0<strong>7 dies<\/strong>\u00a0(mar\u00e7\/abril 2026)<\/li>\n<li><strong>Pol\u00f2nia<\/strong>\u00a0\u2013 2 places \u2013\u00a0<strong>5 dies<\/strong>\u00a0(juny 2026)<\/li>\n<li><strong>Brasil<\/strong>\u00a0\u2013 2 places \u2013\u00a0<strong>7 dies<\/strong>\u00a0(juny 2026)<\/li>\n<\/ul>\n<p>Les dates definitives es concretaran m\u00e9s endavant, segons disponibilitat del soci d\u2019acollida.<\/p>\n<hr \/>\n<h2><strong>Termini de presentaci\u00f3 de sol\u00b7licituds<\/strong><\/h2>\n<p><strong>Fins al 28 de novembre de 2025 a les 23.59 h<\/strong><br \/>\n(No s\u2019acceptaran sol\u00b7licituds fora de termini.)<\/p>\n<hr \/>\n<h2><strong>Requisits de participaci\u00f3<\/strong><\/h2>\n<p>Pot presentar-se:<\/p>\n<ul>\n<li><strong>Personal docent del centre<\/strong>\u00a0vinculat a cicles formatius de Grau Mitj\u00e0 o Grau Superior durant el curs 2025\/2026.<br \/>\n(Un docent de GM no pot optar a places de GS si no forma part de l\u2019equip docent de GS, i viceversa.)<\/li>\n<li>Persones amb\u00a0<strong>documentaci\u00f3 d\u2019identitat v\u00e0lida<\/strong>\u00a0(DNI o passaport, i NIE si escau).<\/li>\n<li>Persones que disposin de\u00a0<strong>Targeta Sanit\u00e0ria Europea<\/strong>\u00a0o comprovant d\u2019haver-la sol\u00b7licitat.<\/li>\n<\/ul>\n<hr \/>\n<h2><strong>Documentaci\u00f3 obligat\u00f2ria<\/strong><\/h2>\n<p>Els participants hauran de presentar la sol\u00b7licitud mitjan\u00e7ant el formulari en l\u00ednia i adjuntar-hi:<\/p>\n<ol>\n<li><strong>CV Europass en angl\u00e8s<\/strong>\u00a0(format .doc o .pdf, m\u00e0x. 10 MB)<\/li>\n<li><strong>Document d\u2019identitat<\/strong>\u00a0(DNI o passaport, i NIE si escau) escanejat en un sol arxiu<\/li>\n<li><a href=\"https:\/\/www.seg-social.es\/wps\/portal\/wss\/internet\/Trabajadores\/PrestacionesPensionesTrabajadores\/10938\/11566\/1761\" target=\"_blank\" rel=\"noopener\" data-saferedirecturl=\"https:\/\/www.google.com\/url?q=https:\/\/www.seg-social.es\/wps\/portal\/wss\/internet\/Trabajadores\/PrestacionesPensionesTrabajadores\/10938\/11566\/1761&amp;source=gmail&amp;ust=1763479993223000&amp;usg=AOvVaw01AKQWguu5BgmgoqKj2I1X\"><strong>Targeta Sanit\u00e0ria Europea<\/strong>\u00a0<\/a>o comprovant de sol\u00b7licitud<\/li>\n<\/ol>\n<p><img decoding=\"async\" class=\"an1 CToWUd\" draggable=\"false\" src=\"https:\/\/fonts.gstatic.com\/s\/e\/notoemoji\/16.0\/1f449\/72.png\" alt=\"\ud83d\udc49\" data-emoji=\"\ud83d\udc49\" aria-label=\"\ud83d\udc49\" data-bit=\"iit\" \/><a href=\"https:\/\/forms.gle\/XdJFYkniLPyCca7o7\" target=\"_blank\" rel=\"noopener\" data-saferedirecturl=\"https:\/\/www.google.com\/url?q=https:\/\/forms.gle\/XdJFYkniLPyCca7o7&amp;source=gmail&amp;ust=1763479993223000&amp;usg=AOvVaw1Ert8GcMP7akQZeQH0Gwg6\">\u00a0Enlla\u00e7 al formulari de sol\u00b7licitud<\/a>:\u00a0<a href=\"https:\/\/forms.gle\/XdJFYkniLPyCca7o7\" target=\"_blank\" rel=\"noopener\" data-saferedirecturl=\"https:\/\/www.google.com\/url?q=https:\/\/forms.gle\/XdJFYkniLPyCca7o7&amp;source=gmail&amp;ust=1763479993223000&amp;usg=AOvVaw1Ert8GcMP7akQZeQH0Gwg6\">https:\/\/forms.<wbr \/>gle\/XdJFYkniLPyCca7o7<\/a><\/p>\n<h2><strong>Proc\u00e9s de selecci\u00f3<\/strong><\/h2>\n<p>La selecci\u00f3 es far\u00e0 en dues fases:<\/p>\n<h3><strong>1. Valoraci\u00f3 documental<\/strong><\/h3>\n<ul>\n<li><strong>Antiguitat al centre<\/strong>\u00a0(fins a 10 punts)<\/li>\n<li><strong>Qualitat de la documentaci\u00f3 aportada<\/strong>\u00a0(fins a 30 punts)<\/li>\n<\/ul>\n<h3><strong>2. Entrevista personal<\/strong>\u00a0(si s\u2019escau)<\/h3>\n<ul>\n<li><strong>Motivaci\u00f3 i inter\u00e8s per a la internacionalitzaci\u00f3 del centre<\/strong>\u00a0(fins a 30 punts)<\/li>\n<li><strong>Aplicabilitat dels aprenentatges al centre<\/strong>\u00a0(fins a 30 punts)<\/li>\n<\/ul>\n<p>Cal obtenir una puntuaci\u00f3 m\u00ednima de\u00a0<strong>50\/100<\/strong>\u00a0per ser elegible.<\/p>\n<p>En cas d\u2019empat, es prioritzar\u00e0 el personal que\u00a0<strong>no hagi participat anteriorment en mobilitats Erasmus+ similars<\/strong>.<\/p>\n<hr \/>\n<h2><strong>Calendari<\/strong><\/h2>\n<ul>\n<li><strong>Presentaci\u00f3 de sol\u00b7licituds:<\/strong>\u00a0fins al 28\/11\/2025 a les 23:59<\/li>\n<li><strong>Publicaci\u00f3 de la llista provisional:<\/strong>\u00a015\/12\/2025 a les 17:00<\/li>\n<li><strong>Per\u00edode de reclamacions:<\/strong>\u00a0del 15\/12 al 17\/12\/2025<\/li>\n<li><strong>Publicaci\u00f3 definitiva:<\/strong>\u00a018\/12\/2025 a les 23:59<\/li>\n<\/ul>\n<hr \/>\n<h2><strong>Funcions del participant en Jobshadowing<\/strong><\/h2>\n<ul>\n<li>Realitzar totes les activitats previstes durant l\u2019estada.<\/li>\n<li>Signar i conservar la documentaci\u00f3 Erasmus+.<\/li>\n<li>Col\u00b7laborar amb la comissi\u00f3 de mobilitat del centre.<\/li>\n<li>Respondre els informes i q\u00fcestionaris exigits pel SEPIE.<\/li>\n<\/ul>\n<p>Podeu consultar les bases completes <a href=\"https:\/\/drive.google.com\/file\/d\/1YMyyKFPkh9xGSaqQUpXNexF4G3M7CJcb\/view?usp=drive_link\" target=\"_blank\" rel=\"noopener\">aqu\u00ed<\/a>.<\/p>\n<hr \/>\n<p>Per a qualsevol dubte o aclariment, podeu contactar amb la\u00a0<strong>coordinaci\u00f3 Erasmus del centre<\/strong>\u00a0a:<br \/>\n<img decoding=\"async\" class=\"an1 CToWUd\" draggable=\"false\" src=\"https:\/\/fonts.gstatic.com\/s\/e\/notoemoji\/16.0\/1f4e9\/72.png\" alt=\"\ud83d\udce9\" data-emoji=\"\ud83d\udce9\" aria-label=\"\ud83d\udce9\" data-bit=\"iit\" \/>\u00a0<em><a rel=\"noopener\">erasmus@inscavallbernat.cat<\/a><\/em><\/p>\n<p><img loading=\"lazy\" decoding=\"async\" class=\"aligncenter size-full wp-image-7954\" src=\"https:\/\/agora.xtec.cat\/inscavallbernat\/wp-content\/uploads\/usu1351\/2025\/11\/icono_ERASMUS02.jpg\" alt=\"\" width=\"1016\" height=\"395\" srcset=\"https:\/\/agora.xtec.cat\/inscavallbernat\/wp-content\/uploads\/usu1351\/2025\/11\/icono_ERASMUS02.jpg 1016w, https:\/\/agora.xtec.cat\/inscavallbernat\/wp-content\/uploads\/usu1351\/2025\/11\/icono_ERASMUS02-300x117.jpg 300w, https:\/\/agora.xtec.cat\/inscavallbernat\/wp-content\/uploads\/usu1351\/2025\/11\/icono_ERASMUS02-768x299.jpg 768w\" sizes=\"auto, (max-width: 1016px) 100vw, 1016px\" \/><\/p>\n","protected":false},"excerpt":{"rendered":"<p>Us informem que ja \u00e9s oberta la\u00a0Convocat\u00f2ria Erasmus+ 2024\/2025 per a la realitzaci\u00f3 de mobilitats de Jobshadowing\u00a0adre\u00e7ada al\u00a0personal docent\u00a0relacionat amb els cicles formatius de Grau Mitj\u00e0 i Grau Superior del centre durant el curs\u00a02025-2026.<br \/>\nAquesta convocat\u00f2ria permet als participants realitzar\u00a0estades de formaci\u00f3 a l\u2019estranger d\u2019entre 5&hellip;  <a href=\"https:\/\/agora.xtec.cat\/inscavallbernat\/portada\/beques-de-jobshadowing-per-al-professorat-dfp\/\" title=\"Read Beques de jobshadowing per al professorat d&#8217;FP\">Llegeix m\u00e9s\u00bb<\/a><\/p>\n","protected":false},"author":1,"featured_media":0,"comment_status":"open","ping_status":"open","sticky":false,"template":"","format":"standard","meta":{"_bbp_topic_count":0,"_bbp_reply_count":0,"_bbp_total_topic_count":0,"_bbp_total_reply_count":0,"_bbp_voice_count":0,"_bbp_anonymous_reply_count":0,"_bbp_topic_count_hidden":0,"_bbp_reply_count_hidden":0,"_bbp_forum_subforum_count":0,"footnotes":""},"categories":[149,29],"tags":[],"class_list":["post-8018","post","type-post","status-publish","format-standard","hentry","category-newsnoticies","category-portada"],"post_mailing_queue_ids":[],"_links":{"self":[{"href":"https:\/\/agora.xtec.cat\/inscavallbernat\/wp-json\/wp\/v2\/posts\/8018","targetHints":{"allow":["GET"]}}],"collection":[{"href":"https:\/\/agora.xtec.cat\/inscavallbernat\/wp-json\/wp\/v2\/posts"}],"about":[{"href":"https:\/\/agora.xtec.cat\/inscavallbernat\/wp-json\/wp\/v2\/types\/post"}],"author":[{"embeddable":true,"href":"https:\/\/agora.xtec.cat\/inscavallbernat\/wp-json\/wp\/v2\/users\/1"}],"replies":[{"embeddable":true,"href":"https:\/\/agora.xtec.cat\/inscavallbernat\/wp-json\/wp\/v2\/comments?post=8018"}],"version-history":[{"count":2,"href":"https:\/\/agora.xtec.cat\/inscavallbernat\/wp-json\/wp\/v2\/posts\/8018\/revisions"}],"predecessor-version":[{"id":8020,"href":"https:\/\/agora.xtec.cat\/inscavallbernat\/wp-json\/wp\/v2\/posts\/8018\/revisions\/8020"}],"wp:attachment":[{"href":"https:\/\/agora.xtec.cat\/inscavallbernat\/wp-json\/wp\/v2\/media?parent=8018"}],"wp:term":[{"taxonomy":"category","embeddable":true,"href":"https:\/\/agora.xtec.cat\/inscavallbernat\/wp-json\/wp\/v2\/categories?post=8018"},{"taxonomy":"post_tag","embeddable":true,"href":"https:\/\/agora.xtec.cat\/inscavallbernat\/wp-json\/wp\/v2\/tags?post=8018"}],"curies":[{"name":"wp","href":"https:\/\/api.w.org\/{rel}","templated":true}]}}