{"id":7959,"date":"2025-11-11T19:56:21","date_gmt":"2025-11-11T18:56:21","guid":{"rendered":"https:\/\/agora.xtec.cat\/inscavallbernat\/?p=7959"},"modified":"2025-11-11T19:58:18","modified_gmt":"2025-11-11T18:58:18","slug":"fes-un-erasmus-convocatoria-grau-mitja","status":"publish","type":"post","link":"https:\/\/agora.xtec.cat\/inscavallbernat\/portada\/fes-un-erasmus-convocatoria-grau-mitja\/","title":{"rendered":"Fes un Erasmus+! Convocat\u00f2ria Grau Mitj\u00e0"},"content":{"rendered":"<p>Fins al 21 de novembre, els alumnes de GRAU MITJ\u00c0 del centre podeu inscriure-us per gaudir d&#8217;una estada Erasmus+.<\/p>\n<div>\n<h3><strong>Resum de la convocat\u00f2ria<\/strong><\/h3>\n<p>&nbsp;<\/p>\n<ul>\n<li><strong>Destinaci\u00f3:<\/strong>\u00a0Coimbra (Portugal)<\/li>\n<li><strong>Durada:<\/strong>\u00a032 dies<\/li>\n<li><strong>Dates previstes:<\/strong>\n<ul>\n<li>del\u00a0<strong>23 de mar\u00e7 al 23 d\u2019abril de 2026<\/strong>\u00a0(6 places)<\/li>\n<li>entre\u00a0<strong>maig i juny de 2026<\/strong>\u00a0(9 places)<\/li>\n<\/ul>\n<\/li>\n<\/ul>\n<div><\/div>\n<\/div>\n<div><\/div>\n<div>\n<h3><strong>Termini per presentar la sol\u00b7licitud<\/strong><\/h3>\n<p>Fins al\u00a0<strong>21 de novembre de 2025 a les 23.59 h<\/strong><\/p>\n<h3><strong>Requisits principals<\/strong><\/h3>\n<ul>\n<li>Estar matriculat\/da a\u00a0<strong>1r o 2n curs<\/strong>\u00a0de Grau Mitj\u00e0 (tindran prioritat els de 2n).<\/li>\n<li>Tenir\u00a0<strong>com a m\u00ednim 16 anys<\/strong>.<\/li>\n<li>Ser\u00a0<strong>resident legal a Espanya<\/strong>\u00a0(espanyol, ciutad\u00e0 UE o amb NIE).<\/li>\n<li>Tenir\u00a0<strong>documentaci\u00f3 v\u00e0lida<\/strong>\u00a0(DNI\/passaport).<\/li>\n<li>Disposar de\u00a0<strong>coneixements b\u00e0sics d\u2019angl\u00e8s o de la llengua del pa\u00eds de destinaci\u00f3<\/strong>.<\/li>\n<\/ul>\n<h3><strong>Documentaci\u00f3 necess\u00e0ria<\/strong><\/h3>\n<ol>\n<li>Formulari d\u2019inscripci\u00f3 en l\u00ednia (en angl\u00e8s):<br \/>\n<img decoding=\"async\" class=\"an1\" draggable=\"false\" src=\"https:\/\/fonts.gstatic.com\/s\/e\/notoemoji\/16.0\/1f449\/72.png\" alt=\"\ud83d\udc49\" data-emoji=\"\ud83d\udc49\" aria-label=\"\ud83d\udc49\" \/>\u00a0<a href=\"https:\/\/docs.google.com\/forms\/d\/e\/1FAIpQLScJRdXhMwjiBgrVlqfFH-YEahpid9iUwb6VNNoJU_72mOwF5Q\/viewform?usp=header\" target=\"_blank\" rel=\"noopener\" data-saferedirecturl=\"https:\/\/www.google.com\/url?q=https:\/\/docs.google.com\/forms\/d\/e\/1FAIpQLScJRdXhMwjiBgrVlqfFH-YEahpid9iUwb6VNNoJU_72mOwF5Q\/viewform?usp%3Dheader&amp;source=gmail&amp;ust=1762968522417000&amp;usg=AOvVaw3YNARfXAmhkH2wjau9TmNe\">Formulari de sol\u00b7licitud<\/a><\/li>\n<li><strong>CV Europass<\/strong>\u00a0en angl\u00e8s\u00a0+ carta de motivaci\u00f3 en angl\u00e8s<\/li>\n<li><strong>DNI o passaport<\/strong><\/li>\n<li><strong>Targeta Sanit\u00e0ria Europea (o comprovant d&#8217;haver-la demanat) NO CADUCADA<\/strong><\/li>\n<li>(Opcional) Justificant de beca ministerial<\/li>\n<\/ol>\n<h3><strong>Proc\u00e9s de selecci\u00f3<\/strong><\/h3>\n<p>Consta de dues fases:<\/p>\n<ol>\n<li>Revisi\u00f3 de la documentaci\u00f3 i graella d&#8217;avaluaci\u00f3.<\/li>\n<li>Entrevista personal (en catal\u00e0 i angl\u00e8s) i\u00a0<strong>avaluaci\u00f3 del tutor\/a<\/strong>\u00a0mitjan\u00e7ant una r\u00fabrica (assist\u00e8ncia, actitud, rendiment acad\u00e8mic, responsabilitat i maduresa).<\/li>\n<\/ol>\n<h3><strong>Qu\u00e8 cobreix la beca<\/strong><\/h3>\n<ul>\n<li>Allotjament, viatge, asseguran\u00e7a, transport local i suport ling\u00fc\u00edstic.<\/li>\n<li><strong>Diners de butxaca:<\/strong>\u00a0uns\u00a0<strong>309 \u20ac<\/strong>\u00a0per estada. (a acabar de concretar)<\/li>\n<li>Tutoritzaci\u00f3 i seguiment durant tota l\u2019experi\u00e8ncia.<\/li>\n<\/ul>\n<div>\n<p>Per a qualsevol dubte, podeu consultar amb els vostres tutors o tutores.<\/p>\n<p>Consulteu <a href=\"https:\/\/drive.google.com\/file\/d\/1BkEcAUDxgQBV3xLUm6zLT2TaQy8_Feuw\/view?usp=drive_link\" target=\"_blank\" rel=\"noopener\">aqu\u00ed<\/a> les bases completes de la convocat\u00f2ria.<\/p>\n<p><img loading=\"lazy\" decoding=\"async\" class=\"aligncenter size-full wp-image-7954\" src=\"https:\/\/agora.xtec.cat\/inscavallbernat\/wp-content\/uploads\/usu1351\/2025\/11\/icono_ERASMUS02.jpg\" alt=\"\" width=\"1016\" height=\"395\" srcset=\"https:\/\/agora.xtec.cat\/inscavallbernat\/wp-content\/uploads\/usu1351\/2025\/11\/icono_ERASMUS02.jpg 1016w, https:\/\/agora.xtec.cat\/inscavallbernat\/wp-content\/uploads\/usu1351\/2025\/11\/icono_ERASMUS02-300x117.jpg 300w, https:\/\/agora.xtec.cat\/inscavallbernat\/wp-content\/uploads\/usu1351\/2025\/11\/icono_ERASMUS02-768x299.jpg 768w\" sizes=\"auto, (max-width: 1016px) 100vw, 1016px\" \/><\/p>\n<\/div>\n<\/div>\n","protected":false},"excerpt":{"rendered":"<p>Fins al 21 de novembre, els alumnes de GRAU MITJ\u00c0 del centre podeu inscriure-us per gaudir d&#8217;una estada Erasmus+.<\/p>\n<p>Resum de la convocat\u00f2ria<br \/>\n&nbsp;<\/p>\n<ul>\n<li>Destinaci\u00f3:\u00a0Coimbra (Portugal)<\/li>\n<li>Durada:\u00a032 dies<\/li>\n<li>Dates previstes:\n<ul>\n<li>del\u00a023 de mar\u00e7 al 23 d\u2019abril de 2026\u00a0(6 places)<\/li>\n<li>entre\u00a0maig i juny de 2026\u00a0(9 places)<\/li>\n<\/ul>\n<\/li>\n<\/ul>\n<p>Termini per presentar la sol\u00b7licitud<br \/>\nFins al\u00a021 de novembre&hellip;  <a href=\"https:\/\/agora.xtec.cat\/inscavallbernat\/portada\/fes-un-erasmus-convocatoria-grau-mitja\/\" title=\"Read Fes un Erasmus+! Convocat\u00f2ria Grau Mitj\u00e0\">Llegeix m\u00e9s\u00bb<\/a><\/p>\n","protected":false},"author":1,"featured_media":0,"comment_status":"open","ping_status":"open","sticky":false,"template":"","format":"standard","meta":{"_bbp_topic_count":0,"_bbp_reply_count":0,"_bbp_total_topic_count":0,"_bbp_total_reply_count":0,"_bbp_voice_count":0,"_bbp_anonymous_reply_count":0,"_bbp_topic_count_hidden":0,"_bbp_reply_count_hidden":0,"_bbp_forum_subforum_count":0,"footnotes":""},"categories":[149,29],"tags":[],"class_list":["post-7959","post","type-post","status-publish","format-standard","hentry","category-newsnoticies","category-portada"],"post_mailing_queue_ids":[],"_links":{"self":[{"href":"https:\/\/agora.xtec.cat\/inscavallbernat\/wp-json\/wp\/v2\/posts\/7959","targetHints":{"allow":["GET"]}}],"collection":[{"href":"https:\/\/agora.xtec.cat\/inscavallbernat\/wp-json\/wp\/v2\/posts"}],"about":[{"href":"https:\/\/agora.xtec.cat\/inscavallbernat\/wp-json\/wp\/v2\/types\/post"}],"author":[{"embeddable":true,"href":"https:\/\/agora.xtec.cat\/inscavallbernat\/wp-json\/wp\/v2\/users\/1"}],"replies":[{"embeddable":true,"href":"https:\/\/agora.xtec.cat\/inscavallbernat\/wp-json\/wp\/v2\/comments?post=7959"}],"version-history":[{"count":2,"href":"https:\/\/agora.xtec.cat\/inscavallbernat\/wp-json\/wp\/v2\/posts\/7959\/revisions"}],"predecessor-version":[{"id":7962,"href":"https:\/\/agora.xtec.cat\/inscavallbernat\/wp-json\/wp\/v2\/posts\/7959\/revisions\/7962"}],"wp:attachment":[{"href":"https:\/\/agora.xtec.cat\/inscavallbernat\/wp-json\/wp\/v2\/media?parent=7959"}],"wp:term":[{"taxonomy":"category","embeddable":true,"href":"https:\/\/agora.xtec.cat\/inscavallbernat\/wp-json\/wp\/v2\/categories?post=7959"},{"taxonomy":"post_tag","embeddable":true,"href":"https:\/\/agora.xtec.cat\/inscavallbernat\/wp-json\/wp\/v2\/tags?post=7959"}],"curies":[{"name":"wp","href":"https:\/\/api.w.org\/{rel}","templated":true}]}}