{"id":749,"date":"2017-02-03T17:21:16","date_gmt":"2017-02-03T16:21:16","guid":{"rendered":"http:\/\/agora.xtec.cat\/inscavallbernat\/?p=749"},"modified":"2017-10-17T17:39:24","modified_gmt":"2017-10-17T15:39:24","slug":"taller-diniciacio-a-la-negociacio","status":"publish","type":"post","link":"https:\/\/agora.xtec.cat\/inscavallbernat\/cicles-formatius\/sortides-i-activitats\/taller-diniciacio-a-la-negociacio\/","title":{"rendered":"Taller d&#8217;iniciaci\u00f3 a la negociaci\u00f3"},"content":{"rendered":"<p>Els alumnes de primer de Guies i d&#8217;Ag\u00e8ncies i Esdeveniments han participat en una xerrada-taller sobre la negociaci\u00f3 organitzat per Terrassa Universitat en el marc del seu programa Mostra del coneixement.<\/p>\n<p><a href=\"http:\/\/agora.xtec.cat\/inscavallbernat\/wp-content\/uploads\/usu1351\/2017\/02\/negociacio.jpg\"><img loading=\"lazy\" decoding=\"async\" class=\"alignnone wp-image-750\" src=\"http:\/\/agora.xtec.cat\/inscavallbernat\/wp-content\/uploads\/usu1351\/2017\/02\/negociacio-1024x768.jpg\" alt=\"negociacio\" width=\"507\" height=\"380\" srcset=\"https:\/\/agora.xtec.cat\/inscavallbernat\/wp-content\/uploads\/usu1351\/2017\/02\/negociacio.jpg 1024w, https:\/\/agora.xtec.cat\/inscavallbernat\/wp-content\/uploads\/usu1351\/2017\/02\/negociacio-300x225.jpg 300w, https:\/\/agora.xtec.cat\/inscavallbernat\/wp-content\/uploads\/usu1351\/2017\/02\/negociacio-768x576.jpg 768w, https:\/\/agora.xtec.cat\/inscavallbernat\/wp-content\/uploads\/usu1351\/2017\/02\/negociacio-200x150.jpg 200w\" sizes=\"auto, (max-width: 507px) 100vw, 507px\" \/><\/a><\/p>\n<p><a href=\"http:\/\/agora.xtec.cat\/inscavallbernat\/wp-content\/uploads\/usu1351\/2017\/02\/negociacio2.jpg\"><img loading=\"lazy\" decoding=\"async\" class=\"alignnone wp-image-751\" src=\"http:\/\/agora.xtec.cat\/inscavallbernat\/wp-content\/uploads\/usu1351\/2017\/02\/negociacio2-1024x768.jpg\" alt=\"negociacio2\" width=\"482\" height=\"361\" srcset=\"https:\/\/agora.xtec.cat\/inscavallbernat\/wp-content\/uploads\/usu1351\/2017\/02\/negociacio2.jpg 1024w, https:\/\/agora.xtec.cat\/inscavallbernat\/wp-content\/uploads\/usu1351\/2017\/02\/negociacio2-300x225.jpg 300w, https:\/\/agora.xtec.cat\/inscavallbernat\/wp-content\/uploads\/usu1351\/2017\/02\/negociacio2-768x576.jpg 768w, https:\/\/agora.xtec.cat\/inscavallbernat\/wp-content\/uploads\/usu1351\/2017\/02\/negociacio2-200x150.jpg 200w\" sizes=\"auto, (max-width: 482px) 100vw, 482px\" \/><\/a><\/p>\n","protected":false},"excerpt":{"rendered":"<p>Els alumnes de primer de Guies i d&#8217;Ag\u00e8ncies i Esdeveniments han participat en una xerrada-taller sobre la negociaci\u00f3 organitzat per Terrassa Universitat en el marc del seu programa Mostra del coneixement.<br \/>\n<a href=\"http:\/\/agora.xtec.cat\/inscavallbernat\/wp-content\/uploads\/usu1351\/2017\/02\/negociacio.jpg\"><\/a><br \/>\n<a href=\"http:\/\/agora.xtec.cat\/inscavallbernat\/wp-content\/uploads\/usu1351\/2017\/02\/negociacio2.jpg\"><\/a><\/p>\n","protected":false},"author":1,"featured_media":750,"comment_status":"open","ping_status":"closed","sticky":false,"template":"","format":"standard","meta":{"_bbp_topic_count":0,"_bbp_reply_count":0,"_bbp_total_topic_count":0,"_bbp_total_reply_count":0,"_bbp_voice_count":0,"_bbp_anonymous_reply_count":0,"_bbp_topic_count_hidden":0,"_bbp_reply_count_hidden":0,"_bbp_forum_subforum_count":0,"footnotes":""},"categories":[160],"tags":[107,101,106,58,44],"class_list":["post-749","post","type-post","status-publish","format-standard","has-post-thumbnail","hentry","category-sortides-i-activitats","tag-agencies-de-viatges-i-gestio-desdeveniments","tag-cicles-formatius","tag-guia-informacio-i-assistencia-turistiques","tag-tallers","tag-xerrades"],"post_mailing_queue_ids":[],"_links":{"self":[{"href":"https:\/\/agora.xtec.cat\/inscavallbernat\/wp-json\/wp\/v2\/posts\/749","targetHints":{"allow":["GET"]}}],"collection":[{"href":"https:\/\/agora.xtec.cat\/inscavallbernat\/wp-json\/wp\/v2\/posts"}],"about":[{"href":"https:\/\/agora.xtec.cat\/inscavallbernat\/wp-json\/wp\/v2\/types\/post"}],"author":[{"embeddable":true,"href":"https:\/\/agora.xtec.cat\/inscavallbernat\/wp-json\/wp\/v2\/users\/1"}],"replies":[{"embeddable":true,"href":"https:\/\/agora.xtec.cat\/inscavallbernat\/wp-json\/wp\/v2\/comments?post=749"}],"version-history":[{"count":1,"href":"https:\/\/agora.xtec.cat\/inscavallbernat\/wp-json\/wp\/v2\/posts\/749\/revisions"}],"predecessor-version":[{"id":752,"href":"https:\/\/agora.xtec.cat\/inscavallbernat\/wp-json\/wp\/v2\/posts\/749\/revisions\/752"}],"wp:featuredmedia":[{"embeddable":true,"href":"https:\/\/agora.xtec.cat\/inscavallbernat\/wp-json\/wp\/v2\/media\/750"}],"wp:attachment":[{"href":"https:\/\/agora.xtec.cat\/inscavallbernat\/wp-json\/wp\/v2\/media?parent=749"}],"wp:term":[{"taxonomy":"category","embeddable":true,"href":"https:\/\/agora.xtec.cat\/inscavallbernat\/wp-json\/wp\/v2\/categories?post=749"},{"taxonomy":"post_tag","embeddable":true,"href":"https:\/\/agora.xtec.cat\/inscavallbernat\/wp-json\/wp\/v2\/tags?post=749"}],"curies":[{"name":"wp","href":"https:\/\/api.w.org\/{rel}","templated":true}]}}