{"id":209,"count":0,"description":"<h4><\/h4>\r\n<h4><span style=\"color: #008000;\">TITULACI\u00d3<\/span><\/h4>\r\n<strong>Grau<\/strong>: Mitj\u00e0\r\n\r\n<strong>Titulaci\u00f3<\/strong>: T\u00e8cnic\/a en Forneria, pastisseria i confiteria\r\n\r\n<strong>Durada<\/strong>: 2000 hores (2 cursos)\r\n\r\n<strong>Acc\u00e9s al cicle<\/strong>:\r\n\r\nPots accedir als cicles de grau mitj\u00e0 si compleixes algun dels requisits seg\u00fcents:\r\n\r\nTenir un d\u2019aquests t\u00edtols:\r\n<ul>\r\n \t<li>Graduat\/ada en Educaci\u00f3 Secund\u00e0ria Obligat\u00f2ria.<\/li>\r\n \t<li>T\u00e8cnic\/a b\u00e0sic\/a.<\/li>\r\n \t<li>T\u00e8cnic\/a.<\/li>\r\n \t<li>T\u00e8cnic\/a superior.<\/li>\r\n \t<li>T\u00e8cnic\/a auxiliar.<\/li>\r\n \t<li>Batxillerat superior (plans educatius anteriors a la Llei org\u00e0nica 2\/2006, de 3 de maig).<\/li>\r\n \t<li>Titulacions equivalents per accedir als cicles formatius de grau superior.<\/li>\r\n<\/ul>\r\nO b\u00e9, haver superat:\r\n<ul>\r\n \t<li>Una oferta formativa de certificat professional inclosa en el cicle.<\/li>\r\n \t<li>Un curs de formaci\u00f3 espec\u00edfic per accedir als cicles de grau mitj\u00e0.<\/li>\r\n \t<li>Una <a href=\"https:\/\/triaeducativa.gencat.cat\/ca\/proves\/proves-acces\/fp\/fp-gm\/\">prova d'acc\u00e9s<\/a>.<\/li>\r\n \t<li>El segon curs del primer cicle experimental de reforma dels ensenyaments mitjans.<\/li>\r\n \t<li>El tercer curs del Pla 1963 o segon de comuns experimental dels ensenyaments d'arts aplicades i oficis art\u00edstics.<\/li>\r\n \t<li>El segon curs de BUP, amb un m\u00e0xim de dues mat\u00e8ries suspeses.<\/li>\r\n \t<li>Haver superat la prova d'acc\u00e9s a la universitat per a m\u00e9s grans de 25 o de 45 anys, o haver accedit a la universitat per tenir 40 anys o m\u00e9s i acreditar experi\u00e8ncia laboral o professional.<\/li>\r\n \t<li>Altres estudis o cursos de formaci\u00f3 equivalents acad\u00e8micament.<\/li>\r\n<\/ul>\r\n&nbsp;\r\n\r\n<strong>Qu\u00e8 estudiar\u00e0s?<\/strong>\r\n<h3><span style=\"color: #ffcc00;\"><strong>IMPORTANT!<\/strong> <span style=\"color: #99cc00;\">A primer curs, el centre disposa de dues l\u00ednies d\u2019aquest estudi i l\u2019horari varia segons el dia de la setmana, independentment de si a la preinscripci\u00f3 s\u2019assigna pla\u00e7a en torn de mat\u00ed o de tarda. Per aquest motiu, l\u2019horari de totes dues l\u00ednies \u00e9s molt similar.<\/span><\/span><\/h3>\r\n<p data-start=\"288\" data-end=\"421\"><span style=\"color: #99cc00;\">Si tens qualsevol dubte, pots posar-te en contacte amb nosaltres enviant un correu electr\u00f2nic a <strong data-start=\"384\" data-end=\"420\"><a class=\"decorated-link cursor-pointer\" style=\"color: #99cc00;\" rel=\"noopener\" data-start=\"386\" data-end=\"418\">secretariafp@inscavallbernat.cat<\/a><\/strong><\/span><\/p>\r\n<img class=\"aligncenter size-full wp-image-7605\" src=\"https:\/\/agora.xtec.cat\/inscavallbernat\/wp-content\/uploads\/usu1351\/2025\/03\/frCaptura.jpg\" alt=\"\" width=\"499\" height=\"653\" \/>\r\n\r\n<span style=\"color: #99cc00;\"><b>\u00a0<\/b><\/span>Aquest cicle s'ofereix en les modalitats de Dual general (515 hores de pr\u00e0ctiques en empresa) i Dual intensiva (800\/1200 hores de pr\u00e0ctiques remunerades en empresa).\r\n\r\n<strong>De qu\u00e8 treballar\u00e0s?<\/strong>\r\n\r\nLa formaci\u00f3 te\u00f2rica i pr\u00e0ctica et permetr\u00e0 treballar de:\r\n<ul>\r\n \t<li>Forner\/a.<\/li>\r\n \t<li>Elaborador\/a de brioixeria.<\/li>\r\n \t<li>Elaborador\/a de masses i bases de pizza.<\/li>\r\n \t<li>Pastisser\/a.<\/li>\r\n \t<li>Elaborador\/a i decorador\/a de pastissos.<\/li>\r\n \t<li>Confiter\/a.<\/li>\r\n \t<li>Reboster\/a.<\/li>\r\n \t<li>Torronaire.<\/li>\r\n \t<li>Elaborador\/a de caramels i dol\u00e7os.<\/li>\r\n<\/ul>\r\n<strong>On treballar\u00e0s?<\/strong>\r\n<ul>\r\n \t<li><span style=\"font-family: inherit; font-size: 1em;\">Fleques.<\/span><\/li>\r\n \t<li>Pastisseries.<\/li>\r\n \t<li>Ind\u00fastries aliment\u00e0ries relacionades.<\/li>\r\n<\/ul>\r\n<strong>I si et vols continuar formant, a quins estudis accedir\u00e0s?<\/strong>\r\n<ul>\r\n \t<li>A un altre cicle formatiu de grau mitj\u00e0.<\/li>\r\n \t<li>A un cicle de grau superior.<\/li>\r\n<\/ul>\r\nA l'escola oferim una varietat de cicles tant de grau mitj\u00e0 com superior per complementar la teva formaci\u00f3. Consulta'ls!\r\n\r\n&nbsp;","link":"https:\/\/agora.xtec.cat\/inscavallbernat\/categoria\/grau-mitja\/forneria-pastisseria-i-confiteria\/","name":"Forneria, pastisseria i confiteria","slug":"forneria-pastisseria-i-confiteria","taxonomy":"category","parent":110,"meta":[],"_links":{"self":[{"href":"https:\/\/agora.xtec.cat\/inscavallbernat\/wp-json\/wp\/v2\/categories\/209","targetHints":{"allow":["GET"]}}],"collection":[{"href":"https:\/\/agora.xtec.cat\/inscavallbernat\/wp-json\/wp\/v2\/categories"}],"about":[{"href":"https:\/\/agora.xtec.cat\/inscavallbernat\/wp-json\/wp\/v2\/taxonomies\/category"}],"up":[{"embeddable":true,"href":"https:\/\/agora.xtec.cat\/inscavallbernat\/wp-json\/wp\/v2\/categories\/110"}],"wp:post_type":[{"href":"https:\/\/agora.xtec.cat\/inscavallbernat\/wp-json\/wp\/v2\/posts?categories=209"}],"curies":[{"name":"wp","href":"https:\/\/api.w.org\/{rel}","templated":true}]}}