{"id":114,"count":1,"description":"<h4><span style=\"color: #ff9900;\">\u00a0<\/span><\/h4>\r\nAquest t\u00edtol s'ofereix conjuntament amb el de Guia, assist\u00e8ncia i informaci\u00f3 tur\u00edstiques en el format 2x3 (dues titulacions en tres cursos). Al primer curs, l'alumnat dels dos cicles fa les mat\u00e8ries comunes als dos estudis.\r\n\r\n&nbsp;\r\n<h4><span style=\"color: #008000;\">TITULACI\u00d3<\/span><\/h4>\r\n<strong>Grau<\/strong>: Superior\r\n\r\n<strong>Titulaci\u00f3<\/strong>: T\u00e8cnic\/a superior en Ag\u00e8ncies de Viatges i Gesti\u00f3 d'Esdeveniments\r\n\r\nLa compet\u00e8ncia general d'aquest t\u00edtol consisteix a programar i realitzar viatges combinats i tot tipus d'esdeveniments, vendre serveis tur\u00edstics en ag\u00e8ncies de viatges i a trav\u00e9s d'altres unitats de distribuci\u00f3, proposant accions per al desenvolupament dels seus programes de m\u00e0rqueting i assegurant la satisfacci\u00f3 dels clients.\r\n\r\n<strong>Acc\u00e9s al cicle<\/strong>:\r\n\r\nPots accedir als cicles de grau superior si compleixes algun dels requisits seg\u00fcents:\r\n\r\nTenir un d\u2019aquests t\u00edtols:\r\n<ul>\r\n \t<li>Batxillerat.<\/li>\r\n \t<li>Batxillerat LOGSE.<\/li>\r\n \t<li>BUP.<\/li>\r\n \t<li>T\u00e8cnic\/a superior de formaci\u00f3 professional o grau universitari o equivalent.<\/li>\r\n \t<li>T\u00e8cnic\/a especialista, t\u00e8cnic\/a superior o equivalent.<\/li>\r\n \t<li>T\u00e8cnic\/a de grau mitj\u00e0 de formaci\u00f3 professional o t\u00edtol de t\u00e8cnic\/a o t\u00e8cnic\/a d'arts pl\u00e0stiques i disseny.<\/li>\r\n<\/ul>\r\nO b\u00e9, haver superat:\r\n<ul>\r\n \t<li>Una oferta formativa de certificat professional inclosa en el cicle.<\/li>\r\n \t<li>Un curs de formaci\u00f3 espec\u00edfic per a l\u2019acc\u00e9s als cicles de grau superior.<\/li>\r\n \t<li>Una\u00a0<a href=\"https:\/\/triaeducativa.gencat.cat\/ca\/proves\/proves-acces\/fp\/fp-gs\/\">prova d'acc\u00e9s<\/a>.<\/li>\r\n \t<li>El segon curs de qualsevol modalitat de batxillerat experimental.<\/li>\r\n \t<li>El COU o un curs preuniversitari.<\/li>\r\n \t<li>Haver superat la prova d'acc\u00e9s a la universitat per a m\u00e9s grans de 25 o de 45 anys, o haver accedit a la universitat per tenir 40 anys o m\u00e9s i acreditar experi\u00e8ncia laboral o professional.<\/li>\r\n<\/ul>\r\n<strong>Qu\u00e8 estudiar\u00e0s?<\/strong>\r\n\r\n<img class=\"aligncenter size-full wp-image-8185\" src=\"https:\/\/agora.xtec.cat\/inscavallbernat\/wp-content\/uploads\/usu1351\/2026\/03\/avige.jpg\" alt=\"\" width=\"504\" height=\"693\" \/>\r\n\r\n&nbsp;\r\n\r\n<strong>De qu\u00e8 treballar\u00e0s?<\/strong>\r\n<ul>\r\n \t<li>Organitzador\/a d'esdeveniments professionals, culturals i\/o socials<\/li>\r\n \t<li>Agent de Viatges<\/li>\r\n \t<li>Comercial de prove\u00efdors tur\u00edstics<\/li>\r\n \t<li>T\u00e8cnic\/a en organitzaci\u00f3 de fires i esdeveniments<\/li>\r\n \t<li>Assessor\/a de viatges<\/li>\r\n \t<li>Travel manager<\/li>\r\n<\/ul>\r\n<strong>On treballar\u00e0s?<\/strong>\r\n<ul>\r\n \t<li>Empreses d'organitzaci\u00f3 d'esdeveniments<\/li>\r\n \t<li>Ag\u00e8ncies de viatges minoristes i majoristes<\/li>\r\n \t<li>Empreses prove\u00efdores de serveis tur\u00edstics: companyies a\u00e8ries, de lloguer de vehicles, hotels\u2026<\/li>\r\n \t<li>Hotels<\/li>\r\n \t<li>Fires<\/li>\r\n<\/ul>\r\n<strong>I si et vols continuar formant, a quins estudis accedir\u00e0s?<\/strong>\r\n<ul>\r\n \t<li>A un altre cicle formatiu de grau superior.<\/li>\r\n \t<li>A un estudi universitari de grau (amb convalidaci\u00f3 de cr\u00e8dits ECTS).<\/li>\r\n<\/ul>\r\nA l'escola oferim una varietat de cicles tant de grau mitj\u00e0 com superior per complementar la teva formaci\u00f3. Consulta'ls!\r\n<h4><span style=\"color: #008000;\">PLA D'ESTUDIS<\/span><\/h4>\r\nAl nostre centre podreu cursar els dos cicles formatius de grau superior de Turisme en la modalitat 3x2 (2 t\u00edtols en 3 cursos). L'itinerari curricular s'inicia amb un primer curs amb les mat\u00e8ries comunes als dos cicles m\u00e9s uns segons i tercers cursos d'especialitzaci\u00f3.\r\n\r\nAquest cicle s'ofereix en les modalitats de Dual general (515 hores de pr\u00e0ctiques en empresa) i Dual intensiva (713 hores de pr\u00e0ctiques remunerades en empresa).\r\n<h4><span style=\"color: #008000;\">HORARIS\u00a0<\/span><\/h4>\r\nL'horari marc \u00e9s de dilluns a dijous de 14.45 a 21.05 hores i divendres de 14.45 a 17.45 hores.\r\n\r\nOcasionalment, es poden fer activitats i\/o visites formatives fora d'aquest horari.\r\n<h5><\/h5>","link":"https:\/\/agora.xtec.cat\/inscavallbernat\/categoria\/cicles-formatius\/grau-superior\/cfgs-agencies-viatges-i-gestio-esdeveniments\/","name":"CFGS Ag\u00e8ncies viatges i gesti\u00f3 esdeveniments","slug":"cfgs-agencies-viatges-i-gestio-esdeveniments","taxonomy":"category","parent":111,"meta":[],"_links":{"self":[{"href":"https:\/\/agora.xtec.cat\/inscavallbernat\/wp-json\/wp\/v2\/categories\/114","targetHints":{"allow":["GET"]}}],"collection":[{"href":"https:\/\/agora.xtec.cat\/inscavallbernat\/wp-json\/wp\/v2\/categories"}],"about":[{"href":"https:\/\/agora.xtec.cat\/inscavallbernat\/wp-json\/wp\/v2\/taxonomies\/category"}],"up":[{"embeddable":true,"href":"https:\/\/agora.xtec.cat\/inscavallbernat\/wp-json\/wp\/v2\/categories\/111"}],"wp:post_type":[{"href":"https:\/\/agora.xtec.cat\/inscavallbernat\/wp-json\/wp\/v2\/posts?categories=114"}],"curies":[{"name":"wp","href":"https:\/\/api.w.org\/{rel}","templated":true}]}}