{"id":2978,"date":"2017-04-27T13:32:53","date_gmt":"2017-04-27T11:32:53","guid":{"rendered":"http:\/\/agora.xtec.cat\/iesm-jmzafra\/?p=2978"},"modified":"2018-06-07T11:54:21","modified_gmt":"2018-06-07T09:54:21","slug":"calcaria-3","status":"publish","type":"post","link":"https:\/\/agora.xtec.cat\/inscaterinaalbert\/blogs\/museu-de-geologia\/calcaria-3\/","title":{"rendered":"CALC\u00c0RIA"},"content":{"rendered":"<p><strong>Nom<\/strong><br \/>\nCatala: <strong>Pedra calc\u00e0ria<\/strong><br \/>\nCastella: Piedra caliza<br \/>\nAngl\u00e8s: Limestone<br \/>\nFranc\u00e8s: Pierre calcaire<br \/>\n<strong>Imatges<\/strong><\/p>\n<p><img loading=\"lazy\" decoding=\"async\" class=\"\" src=\"https:\/\/thumbs.dreamstime.com\/b\/rocas-grandes-de-la-piedra-caliza-4512570.jpg\" alt=\"Resultat d'imatges de piedra calcaria\" width=\"248\" height=\"186\" \/><\/p>\n<p><strong>Quin tipus i subtipus de roca i\/o mineral \u00e9s?<\/strong><br \/>\nLa pedra calc\u00e0ria es una roca sedimentari formada per calcita o dolomita, i principalment per carbonat c\u00e0lcic; emprada en l&#8217;edificaci\u00f3 i en la fabricaci\u00f3 de cal\u00e7.<\/p>\n<p><strong>Formaci\u00f3 de la roca i\/o mineral<\/strong><br \/>\nLes calc\u00e0ries es formen en els mars c\u00e0lids i poc profunds de les regions tropicals, en aquelles zones en qu\u00e8 les aportacions detr\u00edtics s\u00f3n poc importants. Est\u00e1 composta m\u00e9s del 50% per carbonat de calci (CaCO3), generalment calcita.<\/p>\n<p><strong>Breu descripci\u00f3 (color, textura&#8230;)<\/strong><br \/>\nS\u00f3n molt caracter\u00edstiques pel seu color clar, blanquin\u00f3s o gris. Dos processos, que generalment actuen conjuntament, contribueixen a la formaci\u00f3 de les calc\u00e0ries. Es generalment dura. La mida del gra es variable, pot consistir en clastes de totes les mides. Les roques semblants s\u00f3n la dolomia i el marbre.<\/p>\n<p><strong>Usos i\/o aplicacions<\/strong><br \/>\nServeix per la construcci\u00f3 de base per al ciment, tamb\u00e9 com pedra de dimensi\u00f3 per a la decoraci\u00f3 de parets i pisos.<\/p>\n<p><strong>Lloc d&#8217;origen (Jaciments m\u00e9s importants)<\/strong><br \/>\nEl lloc d\u2019origen de la calcaria \u00e9s a Alemanya, Espanya a l\u2019est de la Pen\u00ednsula Ib\u00e8rica, esta per els Pirineus, en el Sistema Ib\u00e8ric, en el B\u00e8tic, part oriental de la serralada Cant\u00e0brica, a les muntanyes Basques i a Balears.<\/p>\n<p><strong>Refer\u00e8ncia bibliogr\u00e0fica<\/strong><br \/>\nEl llibre que he consultat \u00e9s el de &#8220;Roques i minerals, investiga el m\u00f3n fascinant de les roques i els minerals&#8221; de l\u2019autor Steve Parker, editorial Cruilla, ciutat d\u2019edici\u00f2 It\u00e0lia i\u00a0 de l&#8217;any 1994.<\/p>\n<p>Tota l\u2019informaci\u00f3 que he buscat est\u00e0 a:<\/p>\n<blockquote class=\"wp-embedded-content\" data-secret=\"JnSAQKNHtJ\"><p><a href=\"https:\/\/agora.xtec.cat\/inscaterinaalbert\/blogs\/museu-de-geologia\/calcaria-2\/\">CALC\u00c0RIA<\/a><\/p><\/blockquote>\n<p><iframe loading=\"lazy\" class=\"wp-embedded-content\" sandbox=\"allow-scripts\" security=\"restricted\" style=\"position: absolute; clip: rect(1px, 1px, 1px, 1px);\" title=\"&#8220;CALC\u00c0RIA&#8221; &#8212; Institut  Caterina Albert\" src=\"https:\/\/agora.xtec.cat\/inscaterinaalbert\/blogs\/museu-de-geologia\/calcaria-2\/embed\/#?secret=YGVDI7jbGD#?secret=JnSAQKNHtJ\" data-secret=\"JnSAQKNHtJ\" width=\"500\" height=\"282\" frameborder=\"0\" marginwidth=\"0\" marginheight=\"0\" scrolling=\"no\"><\/iframe><br \/>\nhttp:\/\/geologiaonline.com\/piedra-caliza-usos-datos-mas\/<br \/>\nhttps:\/\/ca.wikipedia.org\/wiki\/Pedra_calc%C3%A0ria<\/p>\n","protected":false},"excerpt":{"rendered":"<p>Nom Catala: Pedra calc\u00e0ria Castella: Piedra caliza Angl\u00e8s: Limestone Franc\u00e8s: Pierre calcaire Imatges Quin tipus i subtipus de roca i\/o mineral \u00e9s? La pedra calc\u00e0ria es una roca sedimentari formada per calcita o dolomita, i principalment per carbonat c\u00e0lcic; emprada en l&#8217;edificaci\u00f3 i en la fabricaci\u00f3 de cal\u00e7. Formaci\u00f3 de la roca i\/o mineral Les [&hellip;]<\/p>\n","protected":false},"author":185,"featured_media":0,"comment_status":"closed","ping_status":"closed","sticky":false,"template":"","format":"standard","meta":{"_bbp_topic_count":0,"_bbp_reply_count":0,"_bbp_total_topic_count":0,"_bbp_total_reply_count":0,"_bbp_voice_count":0,"_bbp_anonymous_reply_count":0,"_bbp_topic_count_hidden":0,"_bbp_reply_count_hidden":0,"_bbp_forum_subforum_count":0,"site-sidebar-layout":"default","site-content-layout":"","ast-site-content-layout":"","site-content-style":"default","site-sidebar-style":"default","ast-global-header-display":"","ast-banner-title-visibility":"","ast-main-header-display":"","ast-hfb-above-header-display":"","ast-hfb-below-header-display":"","ast-hfb-mobile-header-display":"","site-post-title":"","ast-breadcrumbs-content":"","ast-featured-img":"","footer-sml-layout":"","theme-transparent-header-meta":"","adv-header-id-meta":"","stick-header-meta":"","header-above-stick-meta":"","header-main-stick-meta":"","header-below-stick-meta":"","astra-migrate-meta-layouts":"default","ast-page-background-enabled":"default","ast-page-background-meta":{"desktop":{"background-color":"var(--ast-global-color-4)","background-image":"","background-repeat":"repeat","background-position":"center center","background-size":"auto","background-attachment":"scroll","background-type":"","background-media":"","overlay-type":"","overlay-color":"","overlay-opacity":"","overlay-gradient":""},"tablet":{"background-color":"","background-image":"","background-repeat":"repeat","background-position":"center center","background-size":"auto","background-attachment":"scroll","background-type":"","background-media":"","overlay-type":"","overlay-color":"","overlay-opacity":"","overlay-gradient":""},"mobile":{"background-color":"","background-image":"","background-repeat":"repeat","background-position":"center center","background-size":"auto","background-attachment":"scroll","background-type":"","background-media":"","overlay-type":"","overlay-color":"","overlay-opacity":"","overlay-gradient":""}},"ast-content-background-meta":{"desktop":{"background-color":"var(--ast-global-color-5)","background-image":"","background-repeat":"repeat","background-position":"center center","background-size":"auto","background-attachment":"scroll","background-type":"","background-media":"","overlay-type":"","overlay-color":"","overlay-opacity":"","overlay-gradient":""},"tablet":{"background-color":"var(--ast-global-color-5)","background-image":"","background-repeat":"repeat","background-position":"center center","background-size":"auto","background-attachment":"scroll","background-type":"","background-media":"","overlay-type":"","overlay-color":"","overlay-opacity":"","overlay-gradient":""},"mobile":{"background-color":"var(--ast-global-color-5)","background-image":"","background-repeat":"repeat","background-position":"center center","background-size":"auto","background-attachment":"scroll","background-type":"","background-media":"","overlay-type":"","overlay-color":"","overlay-opacity":"","overlay-gradient":""}},"footnotes":""},"categories":[321],"tags":[335,327],"class_list":["post-2978","post","type-post","status-publish","format-standard","hentry","category-museu-de-geologia","tag-2c4","tag-sedimentaria"],"post_mailing_queue_ids":[],"_links":{"self":[{"href":"https:\/\/agora.xtec.cat\/inscaterinaalbert\/wp-json\/wp\/v2\/posts\/2978","targetHints":{"allow":["GET"]}}],"collection":[{"href":"https:\/\/agora.xtec.cat\/inscaterinaalbert\/wp-json\/wp\/v2\/posts"}],"about":[{"href":"https:\/\/agora.xtec.cat\/inscaterinaalbert\/wp-json\/wp\/v2\/types\/post"}],"author":[{"embeddable":true,"href":"https:\/\/agora.xtec.cat\/inscaterinaalbert\/wp-json\/wp\/v2\/users\/185"}],"replies":[{"embeddable":true,"href":"https:\/\/agora.xtec.cat\/inscaterinaalbert\/wp-json\/wp\/v2\/comments?post=2978"}],"version-history":[{"count":4,"href":"https:\/\/agora.xtec.cat\/inscaterinaalbert\/wp-json\/wp\/v2\/posts\/2978\/revisions"}],"predecessor-version":[{"id":9935,"href":"https:\/\/agora.xtec.cat\/inscaterinaalbert\/wp-json\/wp\/v2\/posts\/2978\/revisions\/9935"}],"wp:attachment":[{"href":"https:\/\/agora.xtec.cat\/inscaterinaalbert\/wp-json\/wp\/v2\/media?parent=2978"}],"wp:term":[{"taxonomy":"category","embeddable":true,"href":"https:\/\/agora.xtec.cat\/inscaterinaalbert\/wp-json\/wp\/v2\/categories?post=2978"},{"taxonomy":"post_tag","embeddable":true,"href":"https:\/\/agora.xtec.cat\/inscaterinaalbert\/wp-json\/wp\/v2\/tags?post=2978"}],"curies":[{"name":"wp","href":"https:\/\/api.w.org\/{rel}","templated":true}]}}