{"id":14311,"date":"2026-03-09T13:59:28","date_gmt":"2026-03-09T12:59:28","guid":{"rendered":"https:\/\/agora.xtec.cat\/inscaterinaalbert\/?p=14311"},"modified":"2026-03-09T14:08:45","modified_gmt":"2026-03-09T13:08:45","slug":"xxii-certamen-de-lectura-en-veu-alta","status":"publish","type":"post","link":"https:\/\/agora.xtec.cat\/inscaterinaalbert\/general\/xxii-certamen-de-lectura-en-veu-alta\/","title":{"rendered":"XXII Certamen de Lectura en veu alta"},"content":{"rendered":"\n<p>Avui cinc alumnes de l&#8217;Institut han participat en els actes de semifinals per als centres educatius de Barcelona ciutat del Certamen de lectura en veu alta. L&#8217;Adri\u00e0 \u00c1lvarez, la J\u00falia Mendo i la Cl\u00e0udia Llabina s&#8217;han classificat per a la final.<\/p>\n\n\n\n<p>Veualta \u00e9s un projecte de la Fundaci\u00f3 Enciclop\u00e8dia Catalana que t\u00e9 la missi\u00f3 de promoure, per mitj\u00e0 de la lectura en veu alta, la literatura i la llengua catalanes entre els infants i els joves de les escoles de tot Catalunya.<\/p>\n\n\n\n<p>Enhorabona!<\/p>\n\n\n\n<figure class=\"wp-block-gallery has-nested-images columns-default is-cropped wp-block-gallery-1 is-layout-flex wp-block-gallery-is-layout-flex\">\n<figure class=\"wp-block-image size-large\"><a href=\"https:\/\/agora.xtec.cat\/inscaterinaalbert\/wp-content\/uploads\/usu164\/2026\/03\/IMG_20260309_134658-2-scaled.jpg\"><img loading=\"lazy\" decoding=\"async\" width=\"768\" height=\"1024\" data-id=\"14312\" src=\"https:\/\/agora.xtec.cat\/inscaterinaalbert\/wp-content\/uploads\/usu164\/2026\/03\/IMG_20260309_134658-2-768x1024.jpg\" alt=\"\" class=\"wp-image-14312\" srcset=\"https:\/\/agora.xtec.cat\/inscaterinaalbert\/wp-content\/uploads\/usu164\/2026\/03\/IMG_20260309_134658-2-768x1024.jpg 768w, https:\/\/agora.xtec.cat\/inscaterinaalbert\/wp-content\/uploads\/usu164\/2026\/03\/IMG_20260309_134658-2-225x300.jpg 225w, https:\/\/agora.xtec.cat\/inscaterinaalbert\/wp-content\/uploads\/usu164\/2026\/03\/IMG_20260309_134658-2-1152x1536.jpg 1152w, https:\/\/agora.xtec.cat\/inscaterinaalbert\/wp-content\/uploads\/usu164\/2026\/03\/IMG_20260309_134658-2-1536x2048.jpg 1536w, https:\/\/agora.xtec.cat\/inscaterinaalbert\/wp-content\/uploads\/usu164\/2026\/03\/IMG_20260309_134658-2-scaled.jpg 1920w\" sizes=\"auto, (max-width: 768px) 100vw, 768px\" \/><\/a><\/figure>\n<\/figure>\n\n\n\n<p><\/p>\n","protected":false},"excerpt":{"rendered":"<p>Avui cinc alumnes de l&#8217;Institut han participat en els actes de semifinals per als centres educatius de Barcelona ciutat del Certamen de lectura en veu alta. L&#8217;Adri\u00e0 \u00c1lvarez, la J\u00falia Mendo i la Cl\u00e0udia Llabina s&#8217;han classificat per a la final. Veualta \u00e9s un projecte de la Fundaci\u00f3 Enciclop\u00e8dia Catalana que t\u00e9 la missi\u00f3 de [&hellip;]<\/p>\n","protected":false},"author":62,"featured_media":14312,"comment_status":"closed","ping_status":"open","sticky":false,"template":"","format":"standard","meta":{"_bbp_topic_count":0,"_bbp_reply_count":0,"_bbp_total_topic_count":0,"_bbp_total_reply_count":0,"_bbp_voice_count":0,"_bbp_anonymous_reply_count":0,"_bbp_topic_count_hidden":0,"_bbp_reply_count_hidden":0,"_bbp_forum_subforum_count":0,"site-sidebar-layout":"default","site-content-layout":"","ast-site-content-layout":"default","site-content-style":"default","site-sidebar-style":"default","ast-global-header-display":"","ast-banner-title-visibility":"","ast-main-header-display":"","ast-hfb-above-header-display":"","ast-hfb-below-header-display":"","ast-hfb-mobile-header-display":"","site-post-title":"","ast-breadcrumbs-content":"","ast-featured-img":"","footer-sml-layout":"","theme-transparent-header-meta":"","adv-header-id-meta":"","stick-header-meta":"","header-above-stick-meta":"","header-main-stick-meta":"","header-below-stick-meta":"","astra-migrate-meta-layouts":"set","ast-page-background-enabled":"default","ast-page-background-meta":{"desktop":{"background-color":"var(--ast-global-color-4)","background-image":"","background-repeat":"repeat","background-position":"center center","background-size":"auto","background-attachment":"scroll","background-type":"","background-media":"","overlay-type":"","overlay-color":"","overlay-opacity":"","overlay-gradient":""},"tablet":{"background-color":"","background-image":"","background-repeat":"repeat","background-position":"center center","background-size":"auto","background-attachment":"scroll","background-type":"","background-media":"","overlay-type":"","overlay-color":"","overlay-opacity":"","overlay-gradient":""},"mobile":{"background-color":"","background-image":"","background-repeat":"repeat","background-position":"center center","background-size":"auto","background-attachment":"scroll","background-type":"","background-media":"","overlay-type":"","overlay-color":"","overlay-opacity":"","overlay-gradient":""}},"ast-content-background-meta":{"desktop":{"background-color":"var(--ast-global-color-5)","background-image":"","background-repeat":"repeat","background-position":"center center","background-size":"auto","background-attachment":"scroll","background-type":"","background-media":"","overlay-type":"","overlay-color":"","overlay-opacity":"","overlay-gradient":""},"tablet":{"background-color":"var(--ast-global-color-5)","background-image":"","background-repeat":"repeat","background-position":"center center","background-size":"auto","background-attachment":"scroll","background-type":"","background-media":"","overlay-type":"","overlay-color":"","overlay-opacity":"","overlay-gradient":""},"mobile":{"background-color":"var(--ast-global-color-5)","background-image":"","background-repeat":"repeat","background-position":"center center","background-size":"auto","background-attachment":"scroll","background-type":"","background-media":"","overlay-type":"","overlay-color":"","overlay-opacity":"","overlay-gradient":""}},"footnotes":""},"categories":[3,1,29],"tags":[493,627],"class_list":["post-14311","post","type-post","status-publish","format-standard","has-post-thumbnail","hentry","category-eso","category-general","category-portada","tag-consorci-deducacio-de-barcelona","tag-veualta"],"post_mailing_queue_ids":[],"_links":{"self":[{"href":"https:\/\/agora.xtec.cat\/inscaterinaalbert\/wp-json\/wp\/v2\/posts\/14311","targetHints":{"allow":["GET"]}}],"collection":[{"href":"https:\/\/agora.xtec.cat\/inscaterinaalbert\/wp-json\/wp\/v2\/posts"}],"about":[{"href":"https:\/\/agora.xtec.cat\/inscaterinaalbert\/wp-json\/wp\/v2\/types\/post"}],"author":[{"embeddable":true,"href":"https:\/\/agora.xtec.cat\/inscaterinaalbert\/wp-json\/wp\/v2\/users\/62"}],"replies":[{"embeddable":true,"href":"https:\/\/agora.xtec.cat\/inscaterinaalbert\/wp-json\/wp\/v2\/comments?post=14311"}],"version-history":[{"count":4,"href":"https:\/\/agora.xtec.cat\/inscaterinaalbert\/wp-json\/wp\/v2\/posts\/14311\/revisions"}],"predecessor-version":[{"id":14316,"href":"https:\/\/agora.xtec.cat\/inscaterinaalbert\/wp-json\/wp\/v2\/posts\/14311\/revisions\/14316"}],"wp:featuredmedia":[{"embeddable":true,"href":"https:\/\/agora.xtec.cat\/inscaterinaalbert\/wp-json\/wp\/v2\/media\/14312"}],"wp:attachment":[{"href":"https:\/\/agora.xtec.cat\/inscaterinaalbert\/wp-json\/wp\/v2\/media?parent=14311"}],"wp:term":[{"taxonomy":"category","embeddable":true,"href":"https:\/\/agora.xtec.cat\/inscaterinaalbert\/wp-json\/wp\/v2\/categories?post=14311"},{"taxonomy":"post_tag","embeddable":true,"href":"https:\/\/agora.xtec.cat\/inscaterinaalbert\/wp-json\/wp\/v2\/tags?post=14311"}],"curies":[{"name":"wp","href":"https:\/\/api.w.org\/{rel}","templated":true}]}}