{"id":5883,"date":"2026-04-28T19:50:53","date_gmt":"2026-04-28T17:50:53","guid":{"rendered":"https:\/\/agora.xtec.cat\/inscar\/?p=5883"},"modified":"2026-04-28T19:50:53","modified_gmt":"2026-04-28T17:50:53","slug":"sessio-informativa-cfgm","status":"publish","type":"post","link":"https:\/\/agora.xtec.cat\/inscar\/general\/sessio-informativa-cfgm\/","title":{"rendered":"SESSI\u00d3 INFORMATIVA CFGM"},"content":{"rendered":"<p>El passat dimecres 22 d&#8217;abril, a les 18 hores, a la sala d&#8217;actes del CAR, es va dur a terme la <strong>sessi\u00f3 informativa<\/strong> sobre el <strong>Cicle Formatiu de Grau Mitj\u00e0 de Guia en Medi Natural i Temps de Lleure<\/strong> que s&#8217;imparteix al centre. La presentaci\u00f3 la van realitzar els <strong>caps d&#8217;estudis de Formaci\u00f3 Professional<\/strong>, l&#8217;Alberto Morales i l&#8217;Alberto Bedmar.<\/p>\n<p><a href=\"https:\/\/agora.xtec.cat\/inscar\/wp-content\/uploads\/usu1537\/2026\/04\/IMG-20260427-WA0008.jpg\"><img loading=\"lazy\" decoding=\"async\" class=\"aligncenter size-large wp-image-5891\" src=\"https:\/\/agora.xtec.cat\/inscar\/wp-content\/uploads\/usu1537\/2026\/04\/IMG-20260427-WA0008-768x1024.jpg\" alt=\"\" width=\"768\" height=\"1024\" srcset=\"https:\/\/agora.xtec.cat\/inscar\/wp-content\/uploads\/usu1537\/2026\/04\/IMG-20260427-WA0008-768x1024.jpg 768w, https:\/\/agora.xtec.cat\/inscar\/wp-content\/uploads\/usu1537\/2026\/04\/IMG-20260427-WA0008-225x300.jpg 225w, https:\/\/agora.xtec.cat\/inscar\/wp-content\/uploads\/usu1537\/2026\/04\/IMG-20260427-WA0008-1152x1536.jpg 1152w, https:\/\/agora.xtec.cat\/inscar\/wp-content\/uploads\/usu1537\/2026\/04\/IMG-20260427-WA0008.jpg 1536w\" sizes=\"auto, (max-width: 768px) 100vw, 768px\" \/><\/a><a href=\"https:\/\/agora.xtec.cat\/inscar\/wp-content\/uploads\/usu1537\/2026\/04\/IMG-20260427-WA0005.jpg\"><img loading=\"lazy\" decoding=\"async\" class=\"aligncenter size-large wp-image-5894\" src=\"https:\/\/agora.xtec.cat\/inscar\/wp-content\/uploads\/usu1537\/2026\/04\/IMG-20260427-WA0005-1024x768.jpg\" alt=\"\" width=\"1024\" height=\"768\" srcset=\"https:\/\/agora.xtec.cat\/inscar\/wp-content\/uploads\/usu1537\/2026\/04\/IMG-20260427-WA0005-1024x768.jpg 1024w, https:\/\/agora.xtec.cat\/inscar\/wp-content\/uploads\/usu1537\/2026\/04\/IMG-20260427-WA0005-300x225.jpg 300w, https:\/\/agora.xtec.cat\/inscar\/wp-content\/uploads\/usu1537\/2026\/04\/IMG-20260427-WA0005-768x576.jpg 768w, https:\/\/agora.xtec.cat\/inscar\/wp-content\/uploads\/usu1537\/2026\/04\/IMG-20260427-WA0005-1536x1152.jpg 1536w, https:\/\/agora.xtec.cat\/inscar\/wp-content\/uploads\/usu1537\/2026\/04\/IMG-20260427-WA0005-200x150.jpg 200w, https:\/\/agora.xtec.cat\/inscar\/wp-content\/uploads\/usu1537\/2026\/04\/IMG-20260427-WA0005.jpg 2048w\" sizes=\"auto, (max-width: 1024px) 100vw, 1024px\" \/><\/a><\/p>\n","protected":false},"excerpt":{"rendered":"<p>El passat dimecres 22 d&#8217;abril, a les 18 hores, a la sala d&#8217;actes del CAR, es va dur a terme la sessi\u00f3 informativa sobre el Cicle Formatiu de Grau Mitj\u00e0 de Guia en Medi Natural i Temps de Lleure que s&#8217;imparteix al centre. La presentaci\u00f3&hellip;  <a href=\"https:\/\/agora.xtec.cat\/inscar\/general\/sessio-informativa-cfgm\/\" title=\"Read SESSI\u00d3 INFORMATIVA CFGM\">Llegeix m\u00e9s\u00bb<\/a><\/p>\n","protected":false},"author":3,"featured_media":5886,"comment_status":"closed","ping_status":"open","sticky":false,"template":"","format":"standard","meta":{"_bbp_topic_count":0,"_bbp_reply_count":0,"_bbp_total_topic_count":0,"_bbp_total_reply_count":0,"_bbp_voice_count":0,"_bbp_anonymous_reply_count":0,"_bbp_topic_count_hidden":0,"_bbp_reply_count_hidden":0,"_bbp_forum_subforum_count":0,"footnotes":""},"categories":[30,1,29],"tags":[],"class_list":["post-5883","post","type-post","status-publish","format-standard","has-post-thumbnail","hentry","category-cicles-formatius","category-general","category-portada"],"post_mailing_queue_ids":[],"_links":{"self":[{"href":"https:\/\/agora.xtec.cat\/inscar\/wp-json\/wp\/v2\/posts\/5883","targetHints":{"allow":["GET"]}}],"collection":[{"href":"https:\/\/agora.xtec.cat\/inscar\/wp-json\/wp\/v2\/posts"}],"about":[{"href":"https:\/\/agora.xtec.cat\/inscar\/wp-json\/wp\/v2\/types\/post"}],"author":[{"embeddable":true,"href":"https:\/\/agora.xtec.cat\/inscar\/wp-json\/wp\/v2\/users\/3"}],"replies":[{"embeddable":true,"href":"https:\/\/agora.xtec.cat\/inscar\/wp-json\/wp\/v2\/comments?post=5883"}],"version-history":[{"count":1,"href":"https:\/\/agora.xtec.cat\/inscar\/wp-json\/wp\/v2\/posts\/5883\/revisions"}],"predecessor-version":[{"id":5895,"href":"https:\/\/agora.xtec.cat\/inscar\/wp-json\/wp\/v2\/posts\/5883\/revisions\/5895"}],"wp:featuredmedia":[{"embeddable":true,"href":"https:\/\/agora.xtec.cat\/inscar\/wp-json\/wp\/v2\/media\/5886"}],"wp:attachment":[{"href":"https:\/\/agora.xtec.cat\/inscar\/wp-json\/wp\/v2\/media?parent=5883"}],"wp:term":[{"taxonomy":"category","embeddable":true,"href":"https:\/\/agora.xtec.cat\/inscar\/wp-json\/wp\/v2\/categories?post=5883"},{"taxonomy":"post_tag","embeddable":true,"href":"https:\/\/agora.xtec.cat\/inscar\/wp-json\/wp\/v2\/tags?post=5883"}],"curies":[{"name":"wp","href":"https:\/\/api.w.org\/{rel}","templated":true}]}}