{"id":5838,"date":"2026-03-11T17:19:42","date_gmt":"2026-03-11T16:19:42","guid":{"rendered":"https:\/\/agora.xtec.cat\/inscar\/?p=5838"},"modified":"2026-03-11T17:19:42","modified_gmt":"2026-03-11T16:19:42","slug":"commemoracio-8m-dia-internacional-de-la-dona","status":"publish","type":"post","link":"https:\/\/agora.xtec.cat\/inscar\/general\/commemoracio-8m-dia-internacional-de-la-dona\/","title":{"rendered":"COMMEMORACI\u00d3 8M, DIA INTERNACIONAL DE LA DONA"},"content":{"rendered":"<p data-start=\"177\" data-end=\"560\">El passat <strong>dilluns 9 de mar\u00e7,<\/strong> el nostre centre va commemorar el <strong data-start=\"240\" data-end=\"281\"><span class=\"hover:entity-accent entity-underline inline cursor-pointer align-baseline\"><span class=\"whitespace-normal\">Dia Internacional de la Dona<\/span><\/span><\/strong> amb un acte celebrat a la sala d\u2019actes del CAR i amb l\u2019assist\u00e8ncia de tot l\u2019alumnat del centre. La jornada va consistir en una taula rodona molt enriquidora que va permetre els assistents reflexionar sobre els reptes que encara afronten les dones en diferents \u00e0mbits de la societat.<\/p>\n<p data-start=\"562\" data-end=\"1024\">L\u2019acte es va iniciar amb la intervenci\u00f3 de la directora del centre, <strong data-start=\"630\" data-end=\"671\"><span class=\"hover:entity-accent entity-underline inline cursor-pointer align-baseline\"><span class=\"whitespace-normal\">Marta Arnaiz<\/span><\/span><\/strong>, que va destacar la import\u00e0ncia de <strong>continuar treballant per la igualtat de g\u00e8nere<\/strong>. En el seu discurs, tamb\u00e9 va remarcar que <strong>el masclisme \u00e9s una q\u00fcesti\u00f3 que afecta a tots i a totes<\/strong>, tamb\u00e9 als homes, ja que actualment existeixen diverses formes de masculinitat que no sempre s\u2019ajusten als est\u00e0ndards masculins tradicionalment presents a la societat.<\/p>\n<p data-start=\"1026\" data-end=\"1524\">Tot seguit, el <strong data-start=\"1073\" data-end=\"1114\"><span class=\"hover:entity-accent entity-underline inline cursor-pointer align-baseline\"><span class=\"whitespace-normal\">Marc Rodes,<\/span><\/span><\/strong> professor d\u2019hist\u00f2ria del centre, va oferir un breu <strong>apunt hist\u00f2ric sobre la lluita pels drets de les dones<\/strong> al llarg dels anys. En la seva intervenci\u00f3 va subratllar que, tot i els aven\u00e7os assolits, <strong>\u00e9s imprescindible no abaixar la gu\u00e0rdia<\/strong>: els drets que s\u2019han conquerit al llarg de la hist\u00f2ria tamb\u00e9 es poden perdre si no es continuen defensant. Per aix\u00f2, va recordar que la lluita per mantenir i ampliar els drets de les dones no pot aturar-se.<\/p>\n<p data-start=\"1526\" data-end=\"1924\">La <strong>taula rodona<\/strong> va comptar amb la participaci\u00f3 d&#8217;<strong><span class=\"hover:entity-accent entity-underline inline cursor-pointer align-baseline\"><span class=\"whitespace-normal\">Andrea Fuentes<\/span><\/span><\/strong>, guanyadora de diverses medalles tant en els campionats europeus i mundials com en els Jocs Ol\u00edmpics de nataci\u00f3 art\u00edstica, i actual seleccionadora de l\u2019equip ol\u00edmpic d\u2019aquesta modalitat esportiva; <strong data-start=\"1695\" data-end=\"1736\"><span class=\"hover:entity-accent entity-underline inline cursor-pointer align-baseline\"><span class=\"whitespace-normal\">Elena Sim\u00f3n<\/span><\/span><\/strong>, veterin\u00e0ria amb formaci\u00f3 en nutrici\u00f3 i m\u00e0rqueting i mare d\u2019un alumne de batxillerat del centre; i <strong data-start=\"1836\" data-end=\"1877\"><span class=\"hover:entity-accent entity-underline inline cursor-pointer align-baseline\"><span class=\"whitespace-normal\">Pilar Llad\u00f3<\/span><\/span><\/strong>, corredora octogen\u00e0ria de curses d\u2019orientaci\u00f3.<\/p>\n<p data-start=\"1926\" data-end=\"2210\">Durant la conversa, les ponents van <strong>compartir experi\u00e8ncies i reflexions sobre diversos temes<\/strong>, com ara els <strong>drets laborals<\/strong>, la maternitat, les <strong>cures<\/strong> i la <strong>corresponsabilitat<\/strong>, el <strong>paper de la dona en l\u2019esport<\/strong> i les <strong>experi\u00e8ncies de discriminaci\u00f3<\/strong> que encara persisteixen en diferents \u00e0mbits.<\/p>\n<p data-start=\"2212\" data-end=\"2454\">La taula rodona va ser moderada i condu\u00efda pels professors del centre <strong data-start=\"2271\" data-end=\"2312\"><span class=\"hover:entity-accent entity-underline inline cursor-pointer align-baseline\"><span class=\"whitespace-normal\">Ja\u00efr L\u00f3pez Samit<\/span><\/span><\/strong> i <strong data-start=\"2315\" data-end=\"2356\"><span class=\"hover:entity-accent entity-underline inline cursor-pointer align-baseline\"><span class=\"whitespace-normal\">S\u00f2nia P\u00e9rez Petitpierre; <\/span><\/span><\/strong><span class=\"hover:entity-accent entity-underline inline cursor-pointer align-baseline\"><span class=\"whitespace-normal\">aquest<\/span><\/span> format va resultar molt encertat i va contribuir a crear un ambient viu i participatiu que va enriquir notablement l\u2019acte. Les aportacions de les ponents van permetre <strong>visibilitzar les desigualtats que encara existeixen per ra\u00f3 de g\u00e8nere<\/strong> i, alhora, van convidar a reflexionar sobre <strong>la necessitat de continuar treballant per assolir una societat m\u00e9s justa i igualit\u00e0ria<\/strong>.<\/p>\n<p data-start=\"2845\" data-end=\"2989\">Des del centre valorem molt positivament aquesta activitat, que ens ajuda a continuar educant en <strong>valors d\u2019igualtat<\/strong>, <strong>respecte<\/strong> i <strong>comprom\u00eds social<\/strong>.<\/p>\n<p data-start=\"2845\" data-end=\"2989\"><a href=\"https:\/\/agora.xtec.cat\/inscar\/wp-content\/uploads\/usu1537\/2026\/03\/IMG-20260309-WA0024-1.jpg\"><img loading=\"lazy\" decoding=\"async\" class=\"aligncenter size-large wp-image-5839\" src=\"https:\/\/agora.xtec.cat\/inscar\/wp-content\/uploads\/usu1537\/2026\/03\/IMG-20260309-WA0024-1-1024x768.jpg\" alt=\"\" width=\"1024\" height=\"768\" srcset=\"https:\/\/agora.xtec.cat\/inscar\/wp-content\/uploads\/usu1537\/2026\/03\/IMG-20260309-WA0024-1-1024x768.jpg 1024w, https:\/\/agora.xtec.cat\/inscar\/wp-content\/uploads\/usu1537\/2026\/03\/IMG-20260309-WA0024-1-300x225.jpg 300w, https:\/\/agora.xtec.cat\/inscar\/wp-content\/uploads\/usu1537\/2026\/03\/IMG-20260309-WA0024-1-768x576.jpg 768w, https:\/\/agora.xtec.cat\/inscar\/wp-content\/uploads\/usu1537\/2026\/03\/IMG-20260309-WA0024-1-1536x1152.jpg 1536w, https:\/\/agora.xtec.cat\/inscar\/wp-content\/uploads\/usu1537\/2026\/03\/IMG-20260309-WA0024-1-200x150.jpg 200w, https:\/\/agora.xtec.cat\/inscar\/wp-content\/uploads\/usu1537\/2026\/03\/IMG-20260309-WA0024-1.jpg 1600w\" sizes=\"auto, (max-width: 1024px) 100vw, 1024px\" \/><\/a><a href=\"https:\/\/agora.xtec.cat\/inscar\/wp-content\/uploads\/usu1537\/2026\/03\/IMG-20260310-WA0001-1.jpg\"><img loading=\"lazy\" decoding=\"async\" class=\"aligncenter size-large wp-image-5840\" src=\"https:\/\/agora.xtec.cat\/inscar\/wp-content\/uploads\/usu1537\/2026\/03\/IMG-20260310-WA0001-1-1024x577.jpg\" alt=\"\" width=\"1024\" height=\"577\" srcset=\"https:\/\/agora.xtec.cat\/inscar\/wp-content\/uploads\/usu1537\/2026\/03\/IMG-20260310-WA0001-1-1024x577.jpg 1024w, https:\/\/agora.xtec.cat\/inscar\/wp-content\/uploads\/usu1537\/2026\/03\/IMG-20260310-WA0001-1-300x169.jpg 300w, https:\/\/agora.xtec.cat\/inscar\/wp-content\/uploads\/usu1537\/2026\/03\/IMG-20260310-WA0001-1-768x433.jpg 768w, https:\/\/agora.xtec.cat\/inscar\/wp-content\/uploads\/usu1537\/2026\/03\/IMG-20260310-WA0001-1-1536x866.jpg 1536w, https:\/\/agora.xtec.cat\/inscar\/wp-content\/uploads\/usu1537\/2026\/03\/IMG-20260310-WA0001-1.jpg 1600w\" sizes=\"auto, (max-width: 1024px) 100vw, 1024px\" \/><\/a><\/p>\n","protected":false},"excerpt":{"rendered":"<p>El passat dilluns 9 de mar\u00e7, el nostre centre va commemorar el Dia Internacional de la Dona amb un acte celebrat a la sala d\u2019actes del CAR i amb l\u2019assist\u00e8ncia de tot l\u2019alumnat del centre. La jornada va consistir en una taula rodona molt enriquidora&hellip;  <a href=\"https:\/\/agora.xtec.cat\/inscar\/general\/commemoracio-8m-dia-internacional-de-la-dona\/\" title=\"Read COMMEMORACI\u00d3 8M, DIA INTERNACIONAL DE LA DONA\">Llegeix m\u00e9s\u00bb<\/a><\/p>\n","protected":false},"author":3,"featured_media":5839,"comment_status":"closed","ping_status":"open","sticky":false,"template":"","format":"standard","meta":{"_bbp_topic_count":0,"_bbp_reply_count":0,"_bbp_total_topic_count":0,"_bbp_total_reply_count":0,"_bbp_voice_count":0,"_bbp_anonymous_reply_count":0,"_bbp_topic_count_hidden":0,"_bbp_reply_count_hidden":0,"_bbp_forum_subforum_count":0,"footnotes":""},"categories":[8,30,100,3,1,29,236],"tags":[],"class_list":["post-5838","post","type-post","status-publish","format-standard","has-post-thumbnail","hentry","category-batxillerat","category-cicles-formatius","category-ensenyamentsesportiustecnics","category-eso","category-general","category-portada","category-tecnics"],"post_mailing_queue_ids":[],"_links":{"self":[{"href":"https:\/\/agora.xtec.cat\/inscar\/wp-json\/wp\/v2\/posts\/5838","targetHints":{"allow":["GET"]}}],"collection":[{"href":"https:\/\/agora.xtec.cat\/inscar\/wp-json\/wp\/v2\/posts"}],"about":[{"href":"https:\/\/agora.xtec.cat\/inscar\/wp-json\/wp\/v2\/types\/post"}],"author":[{"embeddable":true,"href":"https:\/\/agora.xtec.cat\/inscar\/wp-json\/wp\/v2\/users\/3"}],"replies":[{"embeddable":true,"href":"https:\/\/agora.xtec.cat\/inscar\/wp-json\/wp\/v2\/comments?post=5838"}],"version-history":[{"count":1,"href":"https:\/\/agora.xtec.cat\/inscar\/wp-json\/wp\/v2\/posts\/5838\/revisions"}],"predecessor-version":[{"id":5841,"href":"https:\/\/agora.xtec.cat\/inscar\/wp-json\/wp\/v2\/posts\/5838\/revisions\/5841"}],"wp:featuredmedia":[{"embeddable":true,"href":"https:\/\/agora.xtec.cat\/inscar\/wp-json\/wp\/v2\/media\/5839"}],"wp:attachment":[{"href":"https:\/\/agora.xtec.cat\/inscar\/wp-json\/wp\/v2\/media?parent=5838"}],"wp:term":[{"taxonomy":"category","embeddable":true,"href":"https:\/\/agora.xtec.cat\/inscar\/wp-json\/wp\/v2\/categories?post=5838"},{"taxonomy":"post_tag","embeddable":true,"href":"https:\/\/agora.xtec.cat\/inscar\/wp-json\/wp\/v2\/tags?post=5838"}],"curies":[{"name":"wp","href":"https:\/\/api.w.org\/{rel}","templated":true}]}}