{"id":5753,"date":"2025-11-27T14:46:32","date_gmt":"2025-11-27T13:46:32","guid":{"rendered":"https:\/\/agora.xtec.cat\/inscar\/?p=5753"},"modified":"2025-11-27T14:48:00","modified_gmt":"2025-11-27T13:48:00","slug":"dia-internacional-per-a-leliminacio-de-la-violencia-contra-les-dones","status":"publish","type":"post","link":"https:\/\/agora.xtec.cat\/inscar\/general\/dia-internacional-per-a-leliminacio-de-la-violencia-contra-les-dones\/","title":{"rendered":"DIA INTERNACIONAL PER A L\u2019ELIMINACI\u00d3 DE LA VIOL\u00c8NCIA CONTRA LES DONES"},"content":{"rendered":"<p>El passat <strong>dimarts 25 de novembre<\/strong>, una vegada m\u00e9s, vam commemorar al centre el <strong><em>Dia Internacional per a l\u2019Eliminaci\u00f3 de la Viol\u00e8nci<\/em><em>a contra les Dones<\/em><\/strong>. Alumnes d\u2019<strong>ESO<\/strong>, de <strong>Cicles Formatius<\/strong> i de <strong>T\u00e8cnics Esportius<\/strong>, aix\u00ed com bona part del <strong>Claustre<\/strong> de l\u2019institut, es van concentrar al pavell\u00f3 de sint\u00e8tics del CAR per reivindicar l\u2019eliminaci\u00f3 de la viol\u00e8ncia de g\u00e8nere, un fet que, malauradament, encara segueix colpejant milers de dones i nenes arreu del m\u00f3n. Durant l\u2019acte,<strong> els delegats i les delegades dels diferents cursos van llegir el manifest <\/strong>de suport del m\u00f3n de l\u2019esport per a l\u2019eliminaci\u00f3 la viol\u00e8ncia envers les dones. <strong>La directora del centre, Marta Arnaiz, tamb\u00e9 va fer un discurs<\/strong> en qu\u00e8 va posar de manifest la preocupant realitat que avui dia encara vivim a la nostra societat, en la que el nombre d\u2019agressions que pateixen les dones continua sent molt i molt elevat.<\/p>\n<p>Amb aquest acte, tota la comunitat educativa del centre vol <strong>aixecar la veu i condemnar fermament qualsevol tipus de viol\u00e8ncia de g\u00e8nere<\/strong>, reafirmant el seu <strong>comprom\u00eds amb la defensa dels drets de les dones<\/strong>. Despr\u00e9s dels parlaments, es va dur a terme<strong> un ball conjunt<\/strong> de tots els assistents seguint una <strong>coreografia creada per l\u2019alumnat de segon curs del CFGS EAS<\/strong>. Per acabar, cal dir que aquesta activitat no nom\u00e9s representa una manera de mostrar suport, sin\u00f3 que tamb\u00e9 t\u00e9 com a objectiu transmetre els valors de respecte, toler\u00e0ncia i de defensa dels drets humans que s\u00f3n essencials en el projecte educatiu del centre. Tamb\u00e9 ens convida a reflexionar i ens anima a seguir contribuint en la construcci\u00f3 d\u2019una societat m\u00e9s justa i igualit\u00e0ria.<\/p>\n<p><a href=\"https:\/\/agora.xtec.cat\/inscar\/wp-content\/uploads\/usu1537\/2025\/11\/IMG-20251126-WA0023-scaled.jpg\"><img loading=\"lazy\" decoding=\"async\" class=\"aligncenter size-large wp-image-5754\" src=\"https:\/\/agora.xtec.cat\/inscar\/wp-content\/uploads\/usu1537\/2025\/11\/IMG-20251126-WA0023-1024x768.jpg\" alt=\"\" width=\"1024\" height=\"768\" srcset=\"https:\/\/agora.xtec.cat\/inscar\/wp-content\/uploads\/usu1537\/2025\/11\/IMG-20251126-WA0023-1024x768.jpg 1024w, https:\/\/agora.xtec.cat\/inscar\/wp-content\/uploads\/usu1537\/2025\/11\/IMG-20251126-WA0023-300x225.jpg 300w, https:\/\/agora.xtec.cat\/inscar\/wp-content\/uploads\/usu1537\/2025\/11\/IMG-20251126-WA0023-768x576.jpg 768w, https:\/\/agora.xtec.cat\/inscar\/wp-content\/uploads\/usu1537\/2025\/11\/IMG-20251126-WA0023-1536x1152.jpg 1536w, https:\/\/agora.xtec.cat\/inscar\/wp-content\/uploads\/usu1537\/2025\/11\/IMG-20251126-WA0023-2048x1536.jpg 2048w, https:\/\/agora.xtec.cat\/inscar\/wp-content\/uploads\/usu1537\/2025\/11\/IMG-20251126-WA0023-200x150.jpg 200w\" sizes=\"auto, (max-width: 1024px) 100vw, 1024px\" \/><\/a> <a href=\"https:\/\/agora.xtec.cat\/inscar\/wp-content\/uploads\/usu1537\/2025\/11\/IMG-20251126-WA0021-scaled.jpg\"><img loading=\"lazy\" decoding=\"async\" class=\"aligncenter size-large wp-image-5755\" src=\"https:\/\/agora.xtec.cat\/inscar\/wp-content\/uploads\/usu1537\/2025\/11\/IMG-20251126-WA0021-1024x768.jpg\" alt=\"\" width=\"1024\" height=\"768\" srcset=\"https:\/\/agora.xtec.cat\/inscar\/wp-content\/uploads\/usu1537\/2025\/11\/IMG-20251126-WA0021-1024x768.jpg 1024w, https:\/\/agora.xtec.cat\/inscar\/wp-content\/uploads\/usu1537\/2025\/11\/IMG-20251126-WA0021-300x225.jpg 300w, https:\/\/agora.xtec.cat\/inscar\/wp-content\/uploads\/usu1537\/2025\/11\/IMG-20251126-WA0021-768x576.jpg 768w, https:\/\/agora.xtec.cat\/inscar\/wp-content\/uploads\/usu1537\/2025\/11\/IMG-20251126-WA0021-1536x1152.jpg 1536w, https:\/\/agora.xtec.cat\/inscar\/wp-content\/uploads\/usu1537\/2025\/11\/IMG-20251126-WA0021-2048x1536.jpg 2048w, https:\/\/agora.xtec.cat\/inscar\/wp-content\/uploads\/usu1537\/2025\/11\/IMG-20251126-WA0021-200x150.jpg 200w\" sizes=\"auto, (max-width: 1024px) 100vw, 1024px\" \/><\/a><\/p>\n","protected":false},"excerpt":{"rendered":"<p>El passat dimarts 25 de novembre, una vegada m\u00e9s, vam commemorar al centre el Dia Internacional per a l\u2019Eliminaci\u00f3 de la Viol\u00e8ncia contra les Dones. Alumnes d\u2019ESO, de Cicles Formatius i de T\u00e8cnics Esportius, aix\u00ed com bona part del Claustre de l\u2019institut, es van concentrar&hellip;  <a href=\"https:\/\/agora.xtec.cat\/inscar\/general\/dia-internacional-per-a-leliminacio-de-la-violencia-contra-les-dones\/\" title=\"Read DIA INTERNACIONAL PER A L\u2019ELIMINACI\u00d3 DE LA VIOL\u00c8NCIA CONTRA LES DONES\">Llegeix m\u00e9s\u00bb<\/a><\/p>\n","protected":false},"author":3,"featured_media":5755,"comment_status":"closed","ping_status":"open","sticky":false,"template":"","format":"standard","meta":{"_bbp_topic_count":0,"_bbp_reply_count":0,"_bbp_total_topic_count":0,"_bbp_total_reply_count":0,"_bbp_voice_count":0,"_bbp_anonymous_reply_count":0,"_bbp_topic_count_hidden":0,"_bbp_reply_count_hidden":0,"_bbp_forum_subforum_count":0,"footnotes":""},"categories":[8,30,100,3,1,233,29,236],"tags":[],"class_list":["post-5753","post","type-post","status-publish","format-standard","has-post-thumbnail","hentry","category-batxillerat","category-cicles-formatius","category-ensenyamentsesportiustecnics","category-eso","category-general","category-informacions-esportives","category-portada","category-tecnics"],"post_mailing_queue_ids":[],"_links":{"self":[{"href":"https:\/\/agora.xtec.cat\/inscar\/wp-json\/wp\/v2\/posts\/5753","targetHints":{"allow":["GET"]}}],"collection":[{"href":"https:\/\/agora.xtec.cat\/inscar\/wp-json\/wp\/v2\/posts"}],"about":[{"href":"https:\/\/agora.xtec.cat\/inscar\/wp-json\/wp\/v2\/types\/post"}],"author":[{"embeddable":true,"href":"https:\/\/agora.xtec.cat\/inscar\/wp-json\/wp\/v2\/users\/3"}],"replies":[{"embeddable":true,"href":"https:\/\/agora.xtec.cat\/inscar\/wp-json\/wp\/v2\/comments?post=5753"}],"version-history":[{"count":2,"href":"https:\/\/agora.xtec.cat\/inscar\/wp-json\/wp\/v2\/posts\/5753\/revisions"}],"predecessor-version":[{"id":5757,"href":"https:\/\/agora.xtec.cat\/inscar\/wp-json\/wp\/v2\/posts\/5753\/revisions\/5757"}],"wp:featuredmedia":[{"embeddable":true,"href":"https:\/\/agora.xtec.cat\/inscar\/wp-json\/wp\/v2\/media\/5755"}],"wp:attachment":[{"href":"https:\/\/agora.xtec.cat\/inscar\/wp-json\/wp\/v2\/media?parent=5753"}],"wp:term":[{"taxonomy":"category","embeddable":true,"href":"https:\/\/agora.xtec.cat\/inscar\/wp-json\/wp\/v2\/categories?post=5753"},{"taxonomy":"post_tag","embeddable":true,"href":"https:\/\/agora.xtec.cat\/inscar\/wp-json\/wp\/v2\/tags?post=5753"}],"curies":[{"name":"wp","href":"https:\/\/api.w.org\/{rel}","templated":true}]}}