{"id":5341,"date":"2024-12-10T20:23:45","date_gmt":"2024-12-10T19:23:45","guid":{"rendered":"https:\/\/agora.xtec.cat\/inscar\/?p=5341"},"modified":"2024-12-10T20:23:45","modified_gmt":"2024-12-10T19:23:45","slug":"visita-de-la-directora-general-de-lalumnat","status":"publish","type":"post","link":"https:\/\/agora.xtec.cat\/inscar\/general\/visita-de-la-directora-general-de-lalumnat\/","title":{"rendered":"VISITA DE LA DIRECTORA GENERAL DE L&#8217;ALUMNAT"},"content":{"rendered":"<p>El divendres 22 de novembre la Directora General de l&#8217;Alumnat, la Sra. Gemma Verd\u00e9s, va visitar l&#8217;INS CAR per tal de con\u00e8ixer de m\u00e9s a prop la singularitat del nostre centre.<a href=\"https:\/\/agora.xtec.cat\/inscar\/wp-content\/uploads\/usu1537\/2024\/12\/IMG-20241122-WA0014.jpg\"><img loading=\"lazy\" decoding=\"async\" class=\"aligncenter size-large wp-image-5342\" src=\"https:\/\/agora.xtec.cat\/inscar\/wp-content\/uploads\/usu1537\/2024\/12\/IMG-20241122-WA0014-1024x768.jpg\" alt=\"\" width=\"1024\" height=\"768\" srcset=\"https:\/\/agora.xtec.cat\/inscar\/wp-content\/uploads\/usu1537\/2024\/12\/IMG-20241122-WA0014-1024x768.jpg 1024w, https:\/\/agora.xtec.cat\/inscar\/wp-content\/uploads\/usu1537\/2024\/12\/IMG-20241122-WA0014-300x225.jpg 300w, https:\/\/agora.xtec.cat\/inscar\/wp-content\/uploads\/usu1537\/2024\/12\/IMG-20241122-WA0014-768x576.jpg 768w, https:\/\/agora.xtec.cat\/inscar\/wp-content\/uploads\/usu1537\/2024\/12\/IMG-20241122-WA0014-1536x1152.jpg 1536w, https:\/\/agora.xtec.cat\/inscar\/wp-content\/uploads\/usu1537\/2024\/12\/IMG-20241122-WA0014-200x150.jpg 200w, https:\/\/agora.xtec.cat\/inscar\/wp-content\/uploads\/usu1537\/2024\/12\/IMG-20241122-WA0014.jpg 2048w\" sizes=\"auto, (max-width: 1024px) 100vw, 1024px\" \/><\/a><\/p>\n","protected":false},"excerpt":{"rendered":"<p>El divendres 22 de novembre la Directora General de l&#8217;Alumnat, la Sra. Gemma Verd\u00e9s, va visitar l&#8217;INS CAR per tal de con\u00e8ixer de m\u00e9s a prop la singularitat del nostre centre.<a href=\"https:\/\/agora.xtec.cat\/inscar\/wp-content\/uploads\/usu1537\/2024\/12\/IMG-20241122-WA0014.jpg\"><\/a><\/p>\n","protected":false},"author":3,"featured_media":5342,"comment_status":"closed","ping_status":"closed","sticky":false,"template":"","format":"standard","meta":{"_bbp_topic_count":0,"_bbp_reply_count":0,"_bbp_total_topic_count":0,"_bbp_total_reply_count":0,"_bbp_voice_count":0,"_bbp_anonymous_reply_count":0,"_bbp_topic_count_hidden":0,"_bbp_reply_count_hidden":0,"_bbp_forum_subforum_count":0,"footnotes":""},"categories":[8,30,100,3,1,29,236],"tags":[],"class_list":["post-5341","post","type-post","status-publish","format-standard","has-post-thumbnail","hentry","category-batxillerat","category-cicles-formatius","category-ensenyamentsesportiustecnics","category-eso","category-general","category-portada","category-tecnics"],"post_mailing_queue_ids":[],"_links":{"self":[{"href":"https:\/\/agora.xtec.cat\/inscar\/wp-json\/wp\/v2\/posts\/5341","targetHints":{"allow":["GET"]}}],"collection":[{"href":"https:\/\/agora.xtec.cat\/inscar\/wp-json\/wp\/v2\/posts"}],"about":[{"href":"https:\/\/agora.xtec.cat\/inscar\/wp-json\/wp\/v2\/types\/post"}],"author":[{"embeddable":true,"href":"https:\/\/agora.xtec.cat\/inscar\/wp-json\/wp\/v2\/users\/3"}],"replies":[{"embeddable":true,"href":"https:\/\/agora.xtec.cat\/inscar\/wp-json\/wp\/v2\/comments?post=5341"}],"version-history":[{"count":1,"href":"https:\/\/agora.xtec.cat\/inscar\/wp-json\/wp\/v2\/posts\/5341\/revisions"}],"predecessor-version":[{"id":5343,"href":"https:\/\/agora.xtec.cat\/inscar\/wp-json\/wp\/v2\/posts\/5341\/revisions\/5343"}],"wp:featuredmedia":[{"embeddable":true,"href":"https:\/\/agora.xtec.cat\/inscar\/wp-json\/wp\/v2\/media\/5342"}],"wp:attachment":[{"href":"https:\/\/agora.xtec.cat\/inscar\/wp-json\/wp\/v2\/media?parent=5341"}],"wp:term":[{"taxonomy":"category","embeddable":true,"href":"https:\/\/agora.xtec.cat\/inscar\/wp-json\/wp\/v2\/categories?post=5341"},{"taxonomy":"post_tag","embeddable":true,"href":"https:\/\/agora.xtec.cat\/inscar\/wp-json\/wp\/v2\/tags?post=5341"}],"curies":[{"name":"wp","href":"https:\/\/api.w.org\/{rel}","templated":true}]}}