{"id":5318,"date":"2024-11-28T16:37:27","date_gmt":"2024-11-28T15:37:27","guid":{"rendered":"https:\/\/agora.xtec.cat\/inscar\/?p=5318"},"modified":"2024-11-28T16:37:27","modified_gmt":"2024-11-28T15:37:27","slug":"commemoracio-25n-dia-internacional-per-a-leliminacio-de-la-violencia-contra-les-dones","status":"publish","type":"post","link":"https:\/\/agora.xtec.cat\/inscar\/general\/commemoracio-25n-dia-internacional-per-a-leliminacio-de-la-violencia-contra-les-dones\/","title":{"rendered":"COMMEMORACI\u00d3 25N: DIA INTERNACIONAL PER A L&#8217;ELIMINACI\u00d3 DE LA VIOL\u00c8NCIA CONTRA LES DONES"},"content":{"rendered":"<p><a style=\"color: #2795b6;\" href=\"https:\/\/agora.xtec.cat\/inscar\/wp-content\/uploads\/usu1537\/2024\/11\/Foto-25-N-2024-scaled.jpg\"><img loading=\"lazy\" decoding=\"async\" class=\"aligncenter size-large wp-image-5319\" src=\"https:\/\/agora.xtec.cat\/inscar\/wp-content\/uploads\/usu1537\/2024\/11\/Foto-25-N-2024-1024x768.jpg\" alt=\"\" width=\"1024\" height=\"768\" srcset=\"https:\/\/agora.xtec.cat\/inscar\/wp-content\/uploads\/usu1537\/2024\/11\/Foto-25-N-2024-1024x768.jpg 1024w, https:\/\/agora.xtec.cat\/inscar\/wp-content\/uploads\/usu1537\/2024\/11\/Foto-25-N-2024-300x225.jpg 300w, https:\/\/agora.xtec.cat\/inscar\/wp-content\/uploads\/usu1537\/2024\/11\/Foto-25-N-2024-768x576.jpg 768w, https:\/\/agora.xtec.cat\/inscar\/wp-content\/uploads\/usu1537\/2024\/11\/Foto-25-N-2024-1536x1152.jpg 1536w, https:\/\/agora.xtec.cat\/inscar\/wp-content\/uploads\/usu1537\/2024\/11\/Foto-25-N-2024-2048x1536.jpg 2048w, https:\/\/agora.xtec.cat\/inscar\/wp-content\/uploads\/usu1537\/2024\/11\/Foto-25-N-2024-200x150.jpg 200w\" sizes=\"auto, (max-width: 1024px) 100vw, 1024px\" \/><\/a>El passat dilluns 25 de novembre, una any m\u00e9s, vam commemorar al centre el <em>Dia Internacional per a l&#8217;Eliminaci\u00f3 de la Viol\u00e8nci<\/em><em>a contra les Dones<\/em>. Alumnes d&#8217;ESO, de Cicles Formatius i de T\u00e8cnics Esportius, aix\u00ed com bona part del Claustre de l&#8217;institut, es van concentrar al pavell\u00f3 de sint\u00e8tics del CAR per reivindicar l&#8217;eliminaci\u00f3 de la viol\u00e8ncia de g\u00e8nere, un fet que, malauradament, encara segueix colpejant milers de dones i nenes arreu del m\u00f3n. Durant l&#8217;acte, els delegats i les delegades dels diferents cursos van llegir el manifest de suport del m\u00f3n de l&#8217;esport per a l&#8217;eliminaci\u00f3 la viol\u00e8ncia envers les dones. La directora del centre, Marta Arnaiz, tamb\u00e9 va fer un discurs en qu\u00e8 va posar de manifest la preocupant realitat que avui dia encara vivim a la nostra societat, en la que el nombre d&#8217;agressions que pateixen les dones continua sent molt i molt elevat. Amb aquest acte, tota la comunitat educativa del centre vol aixecar la veu i condemnar fermament qualsevol tipus de viol\u00e8ncia de g\u00e8nere, reafirmant el seu comprom\u00eds amb la defensa dels drets de les dones. Despr\u00e9s dels parlaments, es va dur a terme un ball conjunt de tots els assistents seguint una coreografia creada per l&#8217;alumnat de segon curs del CFGS EAS. Per acabar, cal dir que aquesta activitat no nom\u00e9s representa una manera de mostrar suport, sin\u00f3 que tamb\u00e9 t\u00e9 com a objectiu transmetre els valors de respecte, toler\u00e0ncia i de defensa dels drets humans\u00a0que s\u00f3n essencials en el projecte educatiu del centre. Tamb\u00e9 ens convida a reflexionar i ens anima a seguir contribuint en la construcci\u00f3 d&#8217;una societat m\u00e9s justa i igualit\u00e0ria. Cliqueu <a href=\"https:\/\/drive.google.com\/file\/d\/15_eN5KHN4ZwL0-RqhSzjX-kbY9VyEO3q\/view?usp=sharing\">aqu\u00ed<\/a> per veure el v\u00eddeo que resumeix l&#8217;acte.<\/p>\n<p>&nbsp;<\/p>\n<p>&nbsp;<\/p>\n","protected":false},"excerpt":{"rendered":"<p><a style=\"color: #2795b6;\" href=\"https:\/\/agora.xtec.cat\/inscar\/wp-content\/uploads\/usu1537\/2024\/11\/Foto-25-N-2024-scaled.jpg\"><\/a>El passat dilluns 25 de novembre, una any m\u00e9s, vam commemorar al centre el Dia Internacional per a l&#8217;Eliminaci\u00f3 de la Viol\u00e8ncia contra les Dones. Alumnes d&#8217;ESO, de Cicles Formatius i de T\u00e8cnics Esportius, aix\u00ed com bona part del Claustre de l&#8217;institut,&hellip;  <a href=\"https:\/\/agora.xtec.cat\/inscar\/general\/commemoracio-25n-dia-internacional-per-a-leliminacio-de-la-violencia-contra-les-dones\/\" title=\"Read COMMEMORACI\u00d3 25N: DIA INTERNACIONAL PER A L&#8217;ELIMINACI\u00d3 DE LA VIOL\u00c8NCIA CONTRA LES DONES\">Llegeix m\u00e9s\u00bb<\/a><\/p>\n","protected":false},"author":3,"featured_media":5319,"comment_status":"closed","ping_status":"closed","sticky":false,"template":"","format":"standard","meta":{"_bbp_topic_count":0,"_bbp_reply_count":0,"_bbp_total_topic_count":0,"_bbp_total_reply_count":0,"_bbp_voice_count":0,"_bbp_anonymous_reply_count":0,"_bbp_topic_count_hidden":0,"_bbp_reply_count_hidden":0,"_bbp_forum_subforum_count":0,"footnotes":""},"categories":[30,3,1,29,236],"tags":[],"class_list":["post-5318","post","type-post","status-publish","format-standard","has-post-thumbnail","hentry","category-cicles-formatius","category-eso","category-general","category-portada","category-tecnics"],"post_mailing_queue_ids":[],"_links":{"self":[{"href":"https:\/\/agora.xtec.cat\/inscar\/wp-json\/wp\/v2\/posts\/5318","targetHints":{"allow":["GET"]}}],"collection":[{"href":"https:\/\/agora.xtec.cat\/inscar\/wp-json\/wp\/v2\/posts"}],"about":[{"href":"https:\/\/agora.xtec.cat\/inscar\/wp-json\/wp\/v2\/types\/post"}],"author":[{"embeddable":true,"href":"https:\/\/agora.xtec.cat\/inscar\/wp-json\/wp\/v2\/users\/3"}],"replies":[{"embeddable":true,"href":"https:\/\/agora.xtec.cat\/inscar\/wp-json\/wp\/v2\/comments?post=5318"}],"version-history":[{"count":1,"href":"https:\/\/agora.xtec.cat\/inscar\/wp-json\/wp\/v2\/posts\/5318\/revisions"}],"predecessor-version":[{"id":5320,"href":"https:\/\/agora.xtec.cat\/inscar\/wp-json\/wp\/v2\/posts\/5318\/revisions\/5320"}],"wp:featuredmedia":[{"embeddable":true,"href":"https:\/\/agora.xtec.cat\/inscar\/wp-json\/wp\/v2\/media\/5319"}],"wp:attachment":[{"href":"https:\/\/agora.xtec.cat\/inscar\/wp-json\/wp\/v2\/media?parent=5318"}],"wp:term":[{"taxonomy":"category","embeddable":true,"href":"https:\/\/agora.xtec.cat\/inscar\/wp-json\/wp\/v2\/categories?post=5318"},{"taxonomy":"post_tag","embeddable":true,"href":"https:\/\/agora.xtec.cat\/inscar\/wp-json\/wp\/v2\/tags?post=5318"}],"curies":[{"name":"wp","href":"https:\/\/api.w.org\/{rel}","templated":true}]}}