{"id":1142,"date":"2018-05-22T13:31:57","date_gmt":"2018-05-22T11:31:57","guid":{"rendered":"http:\/\/agora.xtec.cat\/inscar\/?p=1142"},"modified":"2019-02-22T11:34:39","modified_gmt":"2019-02-22T10:34:39","slug":"bloc-especific-td1-esqui-alpi-setembre-alps","status":"publish","type":"post","link":"https:\/\/agora.xtec.cat\/inscar\/portada\/bloc-especific-td1-esqui-alpi-setembre-alps\/","title":{"rendered":"Bloc Espec\u00edfic TD1 Esqu\u00ed Alp\u00ed Setembre Alps"},"content":{"rendered":"<h6><a href=\"https:\/\/photos.google.com\/share\/AF1QipNNIkEAj0oJ_6LPmu6amG-UbtSAcuqQooAHgQkseJGNtc2F9QiTTWYNTG_CWWrFFQ?key=SFMwbzExMHZvRzM5SkJfTDEyUTgyYVFGaTVqMF93&amp;source=ctrlq.org\"><img decoding=\"async\" src=\"https:\/\/lh3.googleusercontent.com\/isdbWl8JvRApcgE-njQD4OiZvrtobBwZKJ2DWaJUV9ozTrM1aJbHVx7akpLlqbcdx9xAWj4I8QLIrTGkf3VYN7Hb0_fiUNF82Ve_RMe3QlwOcSpDHQcJXDCjM6DbDHYk8NkcflzFpA=w2400\" \/><\/a><br \/>\nBloc Espec\u00edfic TD1 Esqu\u00ed Alp\u00ed Setembre Alps<\/h6>\n<p>Organitza Ins CAR i FCEH<\/p>\n<p>Dates: del 3 al 28 de setembre 2018<br \/>\nSant Cugat del 3 al 7 i del 24 al 28<br \/>\nEstada Alps del 10 al 22.<br \/>\nPreinscripcions fins al 6 de juny<br \/>\nMatr\u00edcula del 12 al 20 de juliol<br \/>\nRequisits Prova espec\u00edfica, ESO o equivalent<br \/>\nBloc Com\u00fa i Complementari: opci\u00f3 intensiu o extensiu a partir de l&#8217;octubre, consultar al centre.<\/p>\n","protected":false},"excerpt":{"rendered":"<p><a href=\"https:\/\/photos.google.com\/share\/AF1QipNNIkEAj0oJ_6LPmu6amG-UbtSAcuqQooAHgQkseJGNtc2F9QiTTWYNTG_CWWrFFQ?key=SFMwbzExMHZvRzM5SkJfTDEyUTgyYVFGaTVqMF93&amp;source=ctrlq.org\"><\/a><br \/>\nBloc Espec\u00edfic TD1 Esqu\u00ed Alp\u00ed Setembre Alps<br \/>\nOrganitza Ins CAR i FCEH<br \/>\nDates: del 3 al 28 de setembre 2018<br \/>\nSant Cugat del 3 al 7 i del 24 al 28<br \/>\nEstada Alps del 10 al 22.<br \/>\nPreinscripcions fins al 6 de juny<br \/>\nMatr\u00edcula del 12 al 20 de juliol<br \/>\nRequisits&hellip;  <a href=\"https:\/\/agora.xtec.cat\/inscar\/portada\/bloc-especific-td1-esqui-alpi-setembre-alps\/\" title=\"Read Bloc Espec\u00edfic TD1 Esqu\u00ed Alp\u00ed Setembre Alps\">Llegeix m\u00e9s\u00bb<\/a><\/p>\n","protected":false},"author":1,"featured_media":0,"comment_status":"closed","ping_status":"closed","sticky":false,"template":"","format":"standard","meta":{"_bbp_topic_count":0,"_bbp_reply_count":0,"_bbp_total_topic_count":0,"_bbp_total_reply_count":0,"_bbp_voice_count":0,"_bbp_anonymous_reply_count":0,"_bbp_topic_count_hidden":0,"_bbp_reply_count_hidden":0,"_bbp_forum_subforum_count":0,"footnotes":""},"categories":[100,29,236],"tags":[226,225,134],"class_list":["post-1142","post","type-post","status-publish","format-standard","hentry","category-ensenyamentsesportiustecnics","category-portada","category-tecnics","tag-bloc-especific","tag-esqui-alpi","tag-matricula"],"post_mailing_queue_ids":[],"_links":{"self":[{"href":"https:\/\/agora.xtec.cat\/inscar\/wp-json\/wp\/v2\/posts\/1142","targetHints":{"allow":["GET"]}}],"collection":[{"href":"https:\/\/agora.xtec.cat\/inscar\/wp-json\/wp\/v2\/posts"}],"about":[{"href":"https:\/\/agora.xtec.cat\/inscar\/wp-json\/wp\/v2\/types\/post"}],"author":[{"embeddable":true,"href":"https:\/\/agora.xtec.cat\/inscar\/wp-json\/wp\/v2\/users\/1"}],"replies":[{"embeddable":true,"href":"https:\/\/agora.xtec.cat\/inscar\/wp-json\/wp\/v2\/comments?post=1142"}],"version-history":[{"count":2,"href":"https:\/\/agora.xtec.cat\/inscar\/wp-json\/wp\/v2\/posts\/1142\/revisions"}],"predecessor-version":[{"id":1144,"href":"https:\/\/agora.xtec.cat\/inscar\/wp-json\/wp\/v2\/posts\/1142\/revisions\/1144"}],"wp:attachment":[{"href":"https:\/\/agora.xtec.cat\/inscar\/wp-json\/wp\/v2\/media?parent=1142"}],"wp:term":[{"taxonomy":"category","embeddable":true,"href":"https:\/\/agora.xtec.cat\/inscar\/wp-json\/wp\/v2\/categories?post=1142"},{"taxonomy":"post_tag","embeddable":true,"href":"https:\/\/agora.xtec.cat\/inscar\/wp-json\/wp\/v2\/tags?post=1142"}],"curies":[{"name":"wp","href":"https:\/\/api.w.org\/{rel}","templated":true}]}}