{"id":9511,"date":"2025-02-20T06:06:44","date_gmt":"2025-02-20T05:06:44","guid":{"rendered":"https:\/\/agora.xtec.cat\/inscanvilumara\/?p=9511"},"modified":"2025-02-20T06:06:51","modified_gmt":"2025-02-20T05:06:51","slug":"taller-de-iaies-fils-que-uneixen-generacions","status":"publish","type":"post","link":"https:\/\/agora.xtec.cat\/inscanvilumara\/general\/taller-de-iaies-fils-que-uneixen-generacions\/","title":{"rendered":"Taller de iaies: Fils que uneixen generacions"},"content":{"rendered":"<p><a href=\"https:\/\/agora.xtec.cat\/inscanvilumara\/wp-content\/uploads\/usu1655\/2025\/02\/iaies.png\"><img loading=\"lazy\" decoding=\"async\" class=\"alignnone size-full wp-image-9512\" src=\"https:\/\/agora.xtec.cat\/inscanvilumara\/wp-content\/uploads\/usu1655\/2025\/02\/iaies.png\" alt=\"\" width=\"1024\" height=\"512\" srcset=\"https:\/\/agora.xtec.cat\/inscanvilumara\/wp-content\/uploads\/usu1655\/2025\/02\/iaies.png 1024w, https:\/\/agora.xtec.cat\/inscanvilumara\/wp-content\/uploads\/usu1655\/2025\/02\/iaies-300x150.png 300w, https:\/\/agora.xtec.cat\/inscanvilumara\/wp-content\/uploads\/usu1655\/2025\/02\/iaies-768x384.png 768w\" sizes=\"auto, (max-width: 1024px) 100vw, 1024px\" \/><\/a><\/p>\n<p>Aquesta setmana hem viscut una experi\u00e8ncia preciosa a l\u2019Institut Can Vilumara. Les \u00e0vies d\u2019alguns dels nostres alumnes, l\u2019Ana i la Dora, ens han visitat per compartir amb nosaltres un trosset de la seva saviesa al\u00a0<em>Taller de iaies<\/em>.<\/p>\n<p>L\u2019alumnat de 1r de Batxillerat de les mat\u00e8ries\u00a0<em>Reptes de Biologia i Geologia<\/em>\u00a0i\u00a0<em>Problem\u00e0tica Social<\/em>, juntament amb el grup de l\u2019optativa STEAM de 3r d\u2019ESO, ha apr\u00e8s de primera m\u00e0 com donar una segona vida a la roba. Cosit aqu\u00ed, un bot\u00f3 per all\u00e0, un dobladillo ben fet\u2026 petits trucs que abans es transmetien de generaci\u00f3 en generaci\u00f3 i que avui dia ens ajuden a ser m\u00e9s sostenibles.<\/p>\n<p>Per\u00f2 aquest taller ha estat molt m\u00e9s que un aprenentatge t\u00e8cnic. Ha estat un moment de connexi\u00f3 entre avis i joves, ple de rialles, d\u2019an\u00e8cdotes i de complicitat. Perqu\u00e8 m\u00e9s enll\u00e0 de la moda sostenible, el que realment hem apr\u00e8s \u00e9s que el valor de les coses \u2013i de les persones\u2013 no es mesura per si s\u00f3n noves o velles, sin\u00f3 per l\u2019amor i el temps que hi dediquem.<\/p>\n<p>Moltes gr\u00e0cies, Ana i Dora, per la vostra paci\u00e8ncia, el vostre afecte i per recordar-nos que a vegades, el m\u00e9s revolucionari \u00e9s simplement arreglar en comptes de llen\u00e7ar. I gr\u00e0cies tamb\u00e9 a tot l\u2019alumnat per la seva implicaci\u00f3 i entusiasme!<\/p>\n<p>Seguim cosint un futur m\u00e9s sostenible, puntada a puntada.<\/p>\n<p><a href=\"https:\/\/agora.xtec.cat\/inscanvilumara\/wp-content\/uploads\/usu1655\/2025\/02\/iaies2.png\"><img loading=\"lazy\" decoding=\"async\" class=\"alignnone size-full wp-image-9513\" src=\"https:\/\/agora.xtec.cat\/inscanvilumara\/wp-content\/uploads\/usu1655\/2025\/02\/iaies2.png\" alt=\"\" width=\"1024\" height=\"512\" srcset=\"https:\/\/agora.xtec.cat\/inscanvilumara\/wp-content\/uploads\/usu1655\/2025\/02\/iaies2.png 1024w, https:\/\/agora.xtec.cat\/inscanvilumara\/wp-content\/uploads\/usu1655\/2025\/02\/iaies2-300x150.png 300w, https:\/\/agora.xtec.cat\/inscanvilumara\/wp-content\/uploads\/usu1655\/2025\/02\/iaies2-768x384.png 768w\" sizes=\"auto, (max-width: 1024px) 100vw, 1024px\" \/><\/a><\/p>\n","protected":false},"excerpt":{"rendered":"<p><a href=\"https:\/\/agora.xtec.cat\/inscanvilumara\/wp-content\/uploads\/usu1655\/2025\/02\/iaies.png\"><\/a><br \/>\nAquesta setmana hem viscut una experi\u00e8ncia preciosa a l\u2019Institut Can Vilumara. Les \u00e0vies d\u2019alguns dels nostres alumnes, l\u2019Ana i la Dora, ens han visitat per compartir amb nosaltres un trosset de la seva saviesa al\u00a0Taller de iaies.<br \/>\nL\u2019alumnat de 1r de Batxillerat de les mat\u00e8ries\u00a0Reptes&hellip;  <a href=\"https:\/\/agora.xtec.cat\/inscanvilumara\/general\/taller-de-iaies-fils-que-uneixen-generacions\/\" title=\"Read Taller de iaies: Fils que uneixen generacions\">Llegeix m\u00e9s\u00bb<\/a><\/p>\n","protected":false},"author":45,"featured_media":9512,"comment_status":"closed","ping_status":"closed","sticky":true,"template":"","format":"standard","meta":{"_bbp_topic_count":0,"_bbp_reply_count":0,"_bbp_total_topic_count":0,"_bbp_total_reply_count":0,"_bbp_voice_count":0,"_bbp_anonymous_reply_count":0,"_bbp_topic_count_hidden":0,"_bbp_reply_count_hidden":0,"_bbp_forum_subforum_count":0,"footnotes":""},"categories":[169,244,172,1,29],"tags":[],"class_list":["post-9511","post","type-post","status-publish","format-standard","has-post-thumbnail","hentry","category-batxillerat","category-ciencies","category-eso","category-general","category-portada"],"post_mailing_queue_ids":[],"_links":{"self":[{"href":"https:\/\/agora.xtec.cat\/inscanvilumara\/wp-json\/wp\/v2\/posts\/9511","targetHints":{"allow":["GET"]}}],"collection":[{"href":"https:\/\/agora.xtec.cat\/inscanvilumara\/wp-json\/wp\/v2\/posts"}],"about":[{"href":"https:\/\/agora.xtec.cat\/inscanvilumara\/wp-json\/wp\/v2\/types\/post"}],"author":[{"embeddable":true,"href":"https:\/\/agora.xtec.cat\/inscanvilumara\/wp-json\/wp\/v2\/users\/45"}],"replies":[{"embeddable":true,"href":"https:\/\/agora.xtec.cat\/inscanvilumara\/wp-json\/wp\/v2\/comments?post=9511"}],"version-history":[{"count":1,"href":"https:\/\/agora.xtec.cat\/inscanvilumara\/wp-json\/wp\/v2\/posts\/9511\/revisions"}],"predecessor-version":[{"id":9514,"href":"https:\/\/agora.xtec.cat\/inscanvilumara\/wp-json\/wp\/v2\/posts\/9511\/revisions\/9514"}],"wp:featuredmedia":[{"embeddable":true,"href":"https:\/\/agora.xtec.cat\/inscanvilumara\/wp-json\/wp\/v2\/media\/9512"}],"wp:attachment":[{"href":"https:\/\/agora.xtec.cat\/inscanvilumara\/wp-json\/wp\/v2\/media?parent=9511"}],"wp:term":[{"taxonomy":"category","embeddable":true,"href":"https:\/\/agora.xtec.cat\/inscanvilumara\/wp-json\/wp\/v2\/categories?post=9511"},{"taxonomy":"post_tag","embeddable":true,"href":"https:\/\/agora.xtec.cat\/inscanvilumara\/wp-json\/wp\/v2\/tags?post=9511"}],"curies":[{"name":"wp","href":"https:\/\/api.w.org\/{rel}","templated":true}]}}