{"id":8934,"date":"2024-05-16T13:13:20","date_gmt":"2024-05-16T11:13:20","guid":{"rendered":"https:\/\/agora.xtec.cat\/inscanvilumara\/?p=8934"},"modified":"2024-05-16T13:15:44","modified_gmt":"2024-05-16T11:15:44","slug":"laula-dacollida-participa-a-la-ix-mostra-de-teatre-en-catala","status":"publish","type":"post","link":"https:\/\/agora.xtec.cat\/inscanvilumara\/general\/laula-dacollida-participa-a-la-ix-mostra-de-teatre-en-catala\/","title":{"rendered":"L&#8217;Aula d&#8217;Acollida participa a la IX Mostra de Teatre en Catal\u00e0"},"content":{"rendered":"<p>El passat dilluns una part de l&#8217;alumnat de l&#8217;Aula d&#8217;Acollida va participar a la novena Mostra de teatre en catal\u00e0. Despr\u00e9s de mesos d&#8217;assajos van posar a prova les seves capacitats interpretatives al Centre Cultural Bellvitge-Gornal i ho van fer amb m\u00e8rits!<\/p>\n<p>En tot aquest proc\u00e9s han estat fonamentals els consells de la Gemma Deusedas que ha donat la confian\u00e7a necess\u00e0ria als alumnes per pujar a un escenari per primera vegada.<\/p>\n<p>A m\u00e9s, cal dir que ha estat un plaer compartir escenari amb l&#8217;alumnat dels Instituts Margarida Xirgu i Bisbe Berenguer!<\/p>\n<p><a href=\"https:\/\/agora.xtec.cat\/inscanvilumara\/wp-content\/uploads\/usu1655\/2024\/05\/mosatra-teatre.jpeg\"><img loading=\"lazy\" decoding=\"async\" class=\"aligncenter wp-image-8935 size-large\" src=\"https:\/\/agora.xtec.cat\/inscanvilumara\/wp-content\/uploads\/usu1655\/2024\/05\/mosatra-teatre-1024x512.jpeg\" alt=\"\" width=\"1024\" height=\"512\" srcset=\"https:\/\/agora.xtec.cat\/inscanvilumara\/wp-content\/uploads\/usu1655\/2024\/05\/mosatra-teatre-1024x512.jpeg 1024w, https:\/\/agora.xtec.cat\/inscanvilumara\/wp-content\/uploads\/usu1655\/2024\/05\/mosatra-teatre-300x150.jpeg 300w, https:\/\/agora.xtec.cat\/inscanvilumara\/wp-content\/uploads\/usu1655\/2024\/05\/mosatra-teatre-768x384.jpeg 768w, https:\/\/agora.xtec.cat\/inscanvilumara\/wp-content\/uploads\/usu1655\/2024\/05\/mosatra-teatre.jpeg 1080w\" sizes=\"auto, (max-width: 1024px) 100vw, 1024px\" \/><\/a><\/p>\n","protected":false},"excerpt":{"rendered":"<p>El passat dilluns una part de l&#8217;alumnat de l&#8217;Aula d&#8217;Acollida va participar a la novena Mostra de teatre en catal\u00e0. Despr\u00e9s de mesos d&#8217;assajos van posar a prova les seves capacitats interpretatives al Centre Cultural Bellvitge-Gornal i ho van fer amb m\u00e8rits!<br \/>\nEn tot aquest proc\u00e9s&hellip;  <a href=\"https:\/\/agora.xtec.cat\/inscanvilumara\/general\/laula-dacollida-participa-a-la-ix-mostra-de-teatre-en-catala\/\" title=\"Read L&#8217;Aula d&#8217;Acollida participa a la IX Mostra de Teatre en Catal\u00e0\">Llegeix m\u00e9s\u00bb<\/a><\/p>\n","protected":false},"author":45,"featured_media":8935,"comment_status":"closed","ping_status":"closed","sticky":true,"template":"","format":"standard","meta":{"_bbp_topic_count":0,"_bbp_reply_count":0,"_bbp_total_topic_count":0,"_bbp_total_reply_count":0,"_bbp_voice_count":0,"_bbp_anonymous_reply_count":0,"_bbp_topic_count_hidden":0,"_bbp_reply_count_hidden":0,"_bbp_forum_subforum_count":0,"footnotes":""},"categories":[136,172,1,29],"tags":[],"class_list":["post-8934","post","type-post","status-publish","format-standard","has-post-thumbnail","hentry","category-catala","category-eso","category-general","category-portada"],"post_mailing_queue_ids":[],"_links":{"self":[{"href":"https:\/\/agora.xtec.cat\/inscanvilumara\/wp-json\/wp\/v2\/posts\/8934","targetHints":{"allow":["GET"]}}],"collection":[{"href":"https:\/\/agora.xtec.cat\/inscanvilumara\/wp-json\/wp\/v2\/posts"}],"about":[{"href":"https:\/\/agora.xtec.cat\/inscanvilumara\/wp-json\/wp\/v2\/types\/post"}],"author":[{"embeddable":true,"href":"https:\/\/agora.xtec.cat\/inscanvilumara\/wp-json\/wp\/v2\/users\/45"}],"replies":[{"embeddable":true,"href":"https:\/\/agora.xtec.cat\/inscanvilumara\/wp-json\/wp\/v2\/comments?post=8934"}],"version-history":[{"count":2,"href":"https:\/\/agora.xtec.cat\/inscanvilumara\/wp-json\/wp\/v2\/posts\/8934\/revisions"}],"predecessor-version":[{"id":8937,"href":"https:\/\/agora.xtec.cat\/inscanvilumara\/wp-json\/wp\/v2\/posts\/8934\/revisions\/8937"}],"wp:featuredmedia":[{"embeddable":true,"href":"https:\/\/agora.xtec.cat\/inscanvilumara\/wp-json\/wp\/v2\/media\/8935"}],"wp:attachment":[{"href":"https:\/\/agora.xtec.cat\/inscanvilumara\/wp-json\/wp\/v2\/media?parent=8934"}],"wp:term":[{"taxonomy":"category","embeddable":true,"href":"https:\/\/agora.xtec.cat\/inscanvilumara\/wp-json\/wp\/v2\/categories?post=8934"},{"taxonomy":"post_tag","embeddable":true,"href":"https:\/\/agora.xtec.cat\/inscanvilumara\/wp-json\/wp\/v2\/tags?post=8934"}],"curies":[{"name":"wp","href":"https:\/\/api.w.org\/{rel}","templated":true}]}}