{"id":8770,"date":"2024-03-18T16:24:13","date_gmt":"2024-03-18T15:24:13","guid":{"rendered":"https:\/\/agora.xtec.cat\/inscanvilumara\/?p=8770"},"modified":"2024-03-23T04:25:12","modified_gmt":"2024-03-23T03:25:12","slug":"iii-setmana-per-la-diversitat-afectiu-sexual-i-de-genere-dasig","status":"publish","type":"post","link":"https:\/\/agora.xtec.cat\/inscanvilumara\/general\/iii-setmana-per-la-diversitat-afectiu-sexual-i-de-genere-dasig\/","title":{"rendered":"III SETMANA PER LA DIVERSITAT AFECTIU SEXUAL I DE G\u00c8NERE (DASIG)."},"content":{"rendered":"<div>un any m\u00e9s ens fa molta il\u00b7lusi\u00f3 presentar-vos la nostra proposta per dur a terme la<em>\u00a0III SETMANA PER LA DIVERSITAT AFECTIU SEXUAL I DE G\u00c8NERE (DASIG).<\/em><br \/>\nAquesta setmana l&#8217;haur\u00edem de construir conjuntament tota la comunitat educativa, la vostra col\u00b7laboraci\u00f3 no nom\u00e9s \u00e9s important, sin\u00f2 que \u00e9s imprescindible, SOM AGENTS DEL CANVI.<br \/>\nEsperem que sigui un punt de trobada i reflexi\u00f3 sobre aquesta realitat diversa que tenim totes i tots a les nostres aules.<\/div>\n<div><\/div>\n<div><a href=\"https:\/\/agora.xtec.cat\/inscanvilumara\/wp-content\/uploads\/usu1655\/2024\/03\/im2.jpeg\"><img loading=\"lazy\" decoding=\"async\" class=\"alignnone size-full wp-image-8771\" src=\"https:\/\/agora.xtec.cat\/inscanvilumara\/wp-content\/uploads\/usu1655\/2024\/03\/im2.jpeg\" alt=\"\" width=\"695\" height=\"900\" srcset=\"https:\/\/agora.xtec.cat\/inscanvilumara\/wp-content\/uploads\/usu1655\/2024\/03\/im2.jpeg 695w, https:\/\/agora.xtec.cat\/inscanvilumara\/wp-content\/uploads\/usu1655\/2024\/03\/im2-232x300.jpeg 232w\" sizes=\"auto, (max-width: 695px) 100vw, 695px\" \/><\/a> <a href=\"https:\/\/agora.xtec.cat\/inscanvilumara\/wp-content\/uploads\/usu1655\/2024\/03\/im1.jpeg\"><img loading=\"lazy\" decoding=\"async\" class=\"alignnone size-large wp-image-8772\" src=\"https:\/\/agora.xtec.cat\/inscanvilumara\/wp-content\/uploads\/usu1655\/2024\/03\/im1.jpeg\" alt=\"\" width=\"695\" height=\"900\" srcset=\"https:\/\/agora.xtec.cat\/inscanvilumara\/wp-content\/uploads\/usu1655\/2024\/03\/im1.jpeg 695w, https:\/\/agora.xtec.cat\/inscanvilumara\/wp-content\/uploads\/usu1655\/2024\/03\/im1-232x300.jpeg 232w\" sizes=\"auto, (max-width: 695px) 100vw, 695px\" \/><\/a><\/div>\n","protected":false},"excerpt":{"rendered":"<p>un any m\u00e9s ens fa molta il\u00b7lusi\u00f3 presentar-vos la nostra proposta per dur a terme la\u00a0III SETMANA PER LA DIVERSITAT AFECTIU SEXUAL I DE G\u00c8NERE (DASIG).<br \/>\nAquesta setmana l&#8217;haur\u00edem de construir conjuntament tota la comunitat educativa, la vostra col\u00b7laboraci\u00f3 no nom\u00e9s \u00e9s important, sin\u00f2 que \u00e9s&hellip;  <a href=\"https:\/\/agora.xtec.cat\/inscanvilumara\/general\/iii-setmana-per-la-diversitat-afectiu-sexual-i-de-genere-dasig\/\" title=\"Read III SETMANA PER LA DIVERSITAT AFECTIU SEXUAL I DE G\u00c8NERE (DASIG).\">Llegeix m\u00e9s\u00bb<\/a><\/p>\n","protected":false},"author":45,"featured_media":8771,"comment_status":"closed","ping_status":"closed","sticky":false,"template":"","format":"standard","meta":{"_bbp_topic_count":0,"_bbp_reply_count":0,"_bbp_total_topic_count":0,"_bbp_total_reply_count":0,"_bbp_voice_count":0,"_bbp_anonymous_reply_count":0,"_bbp_topic_count_hidden":0,"_bbp_reply_count_hidden":0,"_bbp_forum_subforum_count":0,"footnotes":""},"categories":[167,1,139,29],"tags":[],"class_list":["post-8770","post","type-post","status-publish","format-standard","has-post-thumbnail","hentry","category-eso-i-batxillerat","category-general","category-orientacio-educativa","category-portada"],"post_mailing_queue_ids":[],"_links":{"self":[{"href":"https:\/\/agora.xtec.cat\/inscanvilumara\/wp-json\/wp\/v2\/posts\/8770","targetHints":{"allow":["GET"]}}],"collection":[{"href":"https:\/\/agora.xtec.cat\/inscanvilumara\/wp-json\/wp\/v2\/posts"}],"about":[{"href":"https:\/\/agora.xtec.cat\/inscanvilumara\/wp-json\/wp\/v2\/types\/post"}],"author":[{"embeddable":true,"href":"https:\/\/agora.xtec.cat\/inscanvilumara\/wp-json\/wp\/v2\/users\/45"}],"replies":[{"embeddable":true,"href":"https:\/\/agora.xtec.cat\/inscanvilumara\/wp-json\/wp\/v2\/comments?post=8770"}],"version-history":[{"count":2,"href":"https:\/\/agora.xtec.cat\/inscanvilumara\/wp-json\/wp\/v2\/posts\/8770\/revisions"}],"predecessor-version":[{"id":8798,"href":"https:\/\/agora.xtec.cat\/inscanvilumara\/wp-json\/wp\/v2\/posts\/8770\/revisions\/8798"}],"wp:featuredmedia":[{"embeddable":true,"href":"https:\/\/agora.xtec.cat\/inscanvilumara\/wp-json\/wp\/v2\/media\/8771"}],"wp:attachment":[{"href":"https:\/\/agora.xtec.cat\/inscanvilumara\/wp-json\/wp\/v2\/media?parent=8770"}],"wp:term":[{"taxonomy":"category","embeddable":true,"href":"https:\/\/agora.xtec.cat\/inscanvilumara\/wp-json\/wp\/v2\/categories?post=8770"},{"taxonomy":"post_tag","embeddable":true,"href":"https:\/\/agora.xtec.cat\/inscanvilumara\/wp-json\/wp\/v2\/tags?post=8770"}],"curies":[{"name":"wp","href":"https:\/\/api.w.org\/{rel}","templated":true}]}}