{"id":697,"date":"2018-01-17T16:34:24","date_gmt":"2018-01-17T15:34:24","guid":{"rendered":"http:\/\/agora.xtec.cat\/inscanvilumara\/?p=697"},"modified":"2018-09-06T21:26:07","modified_gmt":"2018-09-06T19:26:07","slug":"taller-medievalia","status":"publish","type":"post","link":"https:\/\/agora.xtec.cat\/inscanvilumara\/general\/taller-medievalia\/","title":{"rendered":"Taller Medievalia"},"content":{"rendered":"<p><span id=\"ctrlPage_ctrlLblContenidosConceptuales\"><a href=\"http:\/\/agora.xtec.cat\/inscanvilumara\/wp-content\/uploads\/usu1655\/2018\/03\/Medievalia.jpg\"><img loading=\"lazy\" decoding=\"async\" class=\"size-full wp-image-1236 aligncenter\" src=\"http:\/\/agora.xtec.cat\/inscanvilumara\/wp-content\/uploads\/usu1655\/2018\/03\/Medievalia.jpg\" alt=\"\" width=\"384\" height=\"362\" \/><\/a>Els alumnes de 2n de l&#8217;ESO t<\/span><span id=\"ctrlPage_ctrlLblContenidosConceptuales\">ractaran diferents aspectes de la societat medieval com el feudalisme i el vassallatge. Veuran les principals difer\u00e8ncies entre l&#8217;Alta i la Baixa Edat Mitjana treballant conceptes com: rom\u00e0nic, g\u00f2tic, etc&#8230;<\/span><br \/>\n<span id=\"ctrlPage_ctrlLblContenidosProcedimentales\">Introducci\u00f3: projecci\u00f3 d&#8217;un power-point amb imatges que ens apropen als aspectes m\u00e9s destacats de la vida en l&#8217;\u00e8poca medieval. <\/span><\/p>\n<p><span id=\"ctrlPage_ctrlLblContenidosProcedimentales\">Pr\u00e0ctica: Cada alumne escriur\u00e0 el seu nom en lletres g\u00f2tiques amb una ploma d&#8217;au i tinta ( al punt de llibre). Seguint les estrictes normes de l&#8217;her\u00e0ldica cada alumne es confeccionar\u00e0 el seu propi emblema. Escenificarem un ball medieval.<\/span><br \/>\n<span id=\"ctrlPage_lblContenidosActitudinales\" class=\"bold gris\">D&#8217;actituds i valors: <\/span><span id=\"ctrlPage_ctrlLblContenidosActitudinales\">Fomentar habilitats manuals i el treball amb grup.<\/span><\/p>\n","protected":false},"excerpt":{"rendered":"<p>Els alumnes de 2n de l&#8217;ESO tractaran diferents aspectes de la societat medieval com el feudalisme i el vassallatge. Veuran les principals difer\u00e8ncies entre l&#8217;Alta i la Baixa Edat Mitjana treballant conceptes com: rom\u00e0nic, g\u00f2tic, etc&#8230; Introducci\u00f3: projecci\u00f3 d&#8217;un power-point amb imatges que ens apropen als aspectes m\u00e9s destacats de la vida en l&#8217;\u00e8poca medieval. [&hellip;]<\/p>\n","protected":false},"author":1,"featured_media":0,"comment_status":"closed","ping_status":"closed","sticky":false,"template":"","format":"standard","meta":{"_bbp_topic_count":0,"_bbp_reply_count":0,"_bbp_total_topic_count":0,"_bbp_total_reply_count":0,"_bbp_voice_count":0,"_bbp_anonymous_reply_count":0,"_bbp_topic_count_hidden":0,"_bbp_reply_count_hidden":0,"_bbp_forum_subforum_count":0,"site-sidebar-layout":"default","site-content-layout":"","ast-site-content-layout":"","site-content-style":"default","site-sidebar-style":"default","ast-global-header-display":"","ast-banner-title-visibility":"","ast-main-header-display":"","ast-hfb-above-header-display":"","ast-hfb-below-header-display":"","ast-hfb-mobile-header-display":"","site-post-title":"","ast-breadcrumbs-content":"","ast-featured-img":"","footer-sml-layout":"","theme-transparent-header-meta":"","adv-header-id-meta":"","stick-header-meta":"","header-above-stick-meta":"","header-main-stick-meta":"","header-below-stick-meta":"","astra-migrate-meta-layouts":"default","ast-page-background-enabled":"default","ast-page-background-meta":{"desktop":{"background-color":"var(--ast-global-color-4)","background-image":"","background-repeat":"repeat","background-position":"center center","background-size":"auto","background-attachment":"scroll","background-type":"","background-media":"","overlay-type":"","overlay-color":"","overlay-opacity":"","overlay-gradient":""},"tablet":{"background-color":"","background-image":"","background-repeat":"repeat","background-position":"center center","background-size":"auto","background-attachment":"scroll","background-type":"","background-media":"","overlay-type":"","overlay-color":"","overlay-opacity":"","overlay-gradient":""},"mobile":{"background-color":"","background-image":"","background-repeat":"repeat","background-position":"center center","background-size":"auto","background-attachment":"scroll","background-type":"","background-media":"","overlay-type":"","overlay-color":"","overlay-opacity":"","overlay-gradient":""}},"ast-content-background-meta":{"desktop":{"background-color":"var(--ast-global-color-5)","background-image":"","background-repeat":"repeat","background-position":"center center","background-size":"auto","background-attachment":"scroll","background-type":"","background-media":"","overlay-type":"","overlay-color":"","overlay-opacity":"","overlay-gradient":""},"tablet":{"background-color":"var(--ast-global-color-5)","background-image":"","background-repeat":"repeat","background-position":"center center","background-size":"auto","background-attachment":"scroll","background-type":"","background-media":"","overlay-type":"","overlay-color":"","overlay-opacity":"","overlay-gradient":""},"mobile":{"background-color":"var(--ast-global-color-5)","background-image":"","background-repeat":"repeat","background-position":"center center","background-size":"auto","background-attachment":"scroll","background-type":"","background-media":"","overlay-type":"","overlay-color":"","overlay-opacity":"","overlay-gradient":""}},"footnotes":""},"categories":[129,172,5,14,15,16,122,167,1,29,180],"tags":[127,110,111,125,181,126],"class_list":["post-697","post","type-post","status-publish","format-standard","hentry","category-departament-de-ciencies-socials","category-eso","category-eso-2","category-eso-2a","category-eso-2b","category-eso-2c","category-eso-2d","category-eso-i-batxillerat","category-general","category-portada","category-siec-usee","tag-2n-eso","tag-ciencies-socials","tag-historia","tag-lhospitalet","tag-siei-usee","tag-taller-educatiu"],"post_mailing_queue_ids":[],"_links":{"self":[{"href":"https:\/\/agora.xtec.cat\/inscanvilumara\/wp-json\/wp\/v2\/posts\/697","targetHints":{"allow":["GET"]}}],"collection":[{"href":"https:\/\/agora.xtec.cat\/inscanvilumara\/wp-json\/wp\/v2\/posts"}],"about":[{"href":"https:\/\/agora.xtec.cat\/inscanvilumara\/wp-json\/wp\/v2\/types\/post"}],"author":[{"embeddable":true,"href":"https:\/\/agora.xtec.cat\/inscanvilumara\/wp-json\/wp\/v2\/users\/1"}],"replies":[{"embeddable":true,"href":"https:\/\/agora.xtec.cat\/inscanvilumara\/wp-json\/wp\/v2\/comments?post=697"}],"version-history":[{"count":3,"href":"https:\/\/agora.xtec.cat\/inscanvilumara\/wp-json\/wp\/v2\/posts\/697\/revisions"}],"predecessor-version":[{"id":1239,"href":"https:\/\/agora.xtec.cat\/inscanvilumara\/wp-json\/wp\/v2\/posts\/697\/revisions\/1239"}],"wp:attachment":[{"href":"https:\/\/agora.xtec.cat\/inscanvilumara\/wp-json\/wp\/v2\/media?parent=697"}],"wp:term":[{"taxonomy":"category","embeddable":true,"href":"https:\/\/agora.xtec.cat\/inscanvilumara\/wp-json\/wp\/v2\/categories?post=697"},{"taxonomy":"post_tag","embeddable":true,"href":"https:\/\/agora.xtec.cat\/inscanvilumara\/wp-json\/wp\/v2\/tags?post=697"}],"curies":[{"name":"wp","href":"https:\/\/api.w.org\/{rel}","templated":true}]}}