{"id":3102,"date":"2019-11-07T08:34:30","date_gmt":"2019-11-07T07:34:30","guid":{"rendered":"http:\/\/agora.xtec.cat\/inscanvilumara\/?p=3102"},"modified":"2019-11-07T08:34:30","modified_gmt":"2019-11-07T07:34:30","slug":"al-novembre-la-ciencia-arriba-a-la-biblioteca","status":"publish","type":"post","link":"https:\/\/agora.xtec.cat\/inscanvilumara\/general\/al-novembre-la-ciencia-arriba-a-la-biblioteca\/","title":{"rendered":"Al novembre, la ci\u00e8ncia arriba a la Biblioteca"},"content":{"rendered":"<p>Nom\u00e9s heu d&#8217;acostar-vos a fer un cop d&#8217;ull i veureu que us rebr\u00e0 un simp\u00e0tic membre del departament. Una mica primet, per\u00f2 saludable.<\/p>\n<p>La decoraci\u00f3 ha estat cosa de les impagables Elena Rodr\u00edguez i Merc\u00e8 Farr\u00e0s. Les fotos, tamb\u00e9.<\/p>\n<p>I recordeu: s&#8217;accepten idees. Cada mes, una nova tem\u00e0tica, amb llibres nous i ben sorprenents.<\/p>\n<div id='gallery-1' class='gallery galleryid-3102 gallery-columns-1 gallery-size-thumbnail'><figure class='gallery-item'>\n\t\t\t<div class='gallery-icon landscape'>\n\t\t\t\t<a href='https:\/\/agora.xtec.cat\/inscanvilumara\/general\/al-novembre-la-ciencia-arriba-a-la-biblioteca\/attachment\/img_0038\/'><img loading=\"lazy\" decoding=\"async\" width=\"150\" height=\"150\" src=\"https:\/\/agora.xtec.cat\/inscanvilumara\/wp-content\/uploads\/usu1655\/2019\/11\/IMG_0038-150x150.jpg\" class=\"attachment-thumbnail size-thumbnail\" alt=\"\" aria-describedby=\"gallery-1-3103\" \/><\/a>\n\t\t\t<\/div>\n\t\t\t\t<figcaption class='wp-caption-text gallery-caption' id='gallery-1-3103'>\n\t\t\t\tNovembre, mes de la ci\u00e8ncia\n\t\t\t\t<\/figcaption><\/figure><figure class='gallery-item'>\n\t\t\t<div class='gallery-icon landscape'>\n\t\t\t\t<a href='https:\/\/agora.xtec.cat\/inscanvilumara\/general\/al-novembre-la-ciencia-arriba-a-la-biblioteca\/attachment\/img_0039\/'><img loading=\"lazy\" decoding=\"async\" width=\"150\" height=\"150\" src=\"https:\/\/agora.xtec.cat\/inscanvilumara\/wp-content\/uploads\/usu1655\/2019\/11\/IMG_0039-150x150.jpg\" class=\"attachment-thumbnail size-thumbnail\" alt=\"\" \/><\/a>\n\t\t\t<\/div><\/figure><figure class='gallery-item'>\n\t\t\t<div class='gallery-icon landscape'>\n\t\t\t\t<a href='https:\/\/agora.xtec.cat\/inscanvilumara\/general\/al-novembre-la-ciencia-arriba-a-la-biblioteca\/attachment\/img_0040\/'><img loading=\"lazy\" decoding=\"async\" width=\"150\" height=\"150\" src=\"https:\/\/agora.xtec.cat\/inscanvilumara\/wp-content\/uploads\/usu1655\/2019\/11\/IMG_0040-150x150.jpg\" class=\"attachment-thumbnail size-thumbnail\" alt=\"\" \/><\/a>\n\t\t\t<\/div><\/figure><figure class='gallery-item'>\n\t\t\t<div class='gallery-icon landscape'>\n\t\t\t\t<a href='https:\/\/agora.xtec.cat\/inscanvilumara\/general\/al-novembre-la-ciencia-arriba-a-la-biblioteca\/attachment\/img_0041\/'><img loading=\"lazy\" decoding=\"async\" width=\"150\" height=\"150\" src=\"https:\/\/agora.xtec.cat\/inscanvilumara\/wp-content\/uploads\/usu1655\/2019\/11\/IMG_0041-150x150.jpg\" class=\"attachment-thumbnail size-thumbnail\" alt=\"\" \/><\/a>\n\t\t\t<\/div><\/figure>\n\t\t<\/div>\n\n<p><a href=\"https:\/\/agora.xtec.cat\/inscanvilumara\/wp-content\/uploads\/usu1655\/2019\/11\/2019-11-07-08.32.33.png\"><img loading=\"lazy\" decoding=\"async\" class=\"aligncenter size-large wp-image-3107\" src=\"https:\/\/agora.xtec.cat\/inscanvilumara\/wp-content\/uploads\/usu1655\/2019\/11\/2019-11-07-08.32.33-1024x713.png\" alt=\"\" width=\"1024\" height=\"713\" srcset=\"https:\/\/agora.xtec.cat\/inscanvilumara\/wp-content\/uploads\/usu1655\/2019\/11\/2019-11-07-08.32.33-1024x713.png 1024w, https:\/\/agora.xtec.cat\/inscanvilumara\/wp-content\/uploads\/usu1655\/2019\/11\/2019-11-07-08.32.33-300x209.png 300w, https:\/\/agora.xtec.cat\/inscanvilumara\/wp-content\/uploads\/usu1655\/2019\/11\/2019-11-07-08.32.33-768x535.png 768w, https:\/\/agora.xtec.cat\/inscanvilumara\/wp-content\/uploads\/usu1655\/2019\/11\/2019-11-07-08.32.33.png 1044w\" sizes=\"auto, (max-width: 1024px) 100vw, 1024px\" \/><\/a><\/p>\n","protected":false},"excerpt":{"rendered":"<p>Nom\u00e9s heu d&#8217;acostar-vos a fer un cop d&#8217;ull i veureu que us rebr\u00e0 un simp\u00e0tic membre del departament. Una mica primet, per\u00f2 saludable. La decoraci\u00f3 ha estat cosa de les impagables Elena Rodr\u00edguez i Merc\u00e8 Farr\u00e0s. Les fotos, tamb\u00e9. I recordeu: s&#8217;accepten idees. Cada mes, una nova tem\u00e0tica, amb llibres nous i ben sorprenents.<\/p>\n","protected":false},"author":1,"featured_media":3107,"comment_status":"open","ping_status":"closed","sticky":false,"template":"","format":"standard","meta":{"_bbp_topic_count":0,"_bbp_reply_count":0,"_bbp_total_topic_count":0,"_bbp_total_reply_count":0,"_bbp_voice_count":0,"_bbp_anonymous_reply_count":0,"_bbp_topic_count_hidden":0,"_bbp_reply_count_hidden":0,"_bbp_forum_subforum_count":0,"site-sidebar-layout":"default","site-content-layout":"","ast-site-content-layout":"","site-content-style":"default","site-sidebar-style":"default","ast-global-header-display":"","ast-banner-title-visibility":"","ast-main-header-display":"","ast-hfb-above-header-display":"","ast-hfb-below-header-display":"","ast-hfb-mobile-header-display":"","site-post-title":"","ast-breadcrumbs-content":"","ast-featured-img":"","footer-sml-layout":"","theme-transparent-header-meta":"","adv-header-id-meta":"","stick-header-meta":"","header-above-stick-meta":"","header-main-stick-meta":"","header-below-stick-meta":"","astra-migrate-meta-layouts":"default","ast-page-background-enabled":"default","ast-page-background-meta":{"desktop":{"background-color":"var(--ast-global-color-4)","background-image":"","background-repeat":"repeat","background-position":"center center","background-size":"auto","background-attachment":"scroll","background-type":"","background-media":"","overlay-type":"","overlay-color":"","overlay-opacity":"","overlay-gradient":""},"tablet":{"background-color":"","background-image":"","background-repeat":"repeat","background-position":"center center","background-size":"auto","background-attachment":"scroll","background-type":"","background-media":"","overlay-type":"","overlay-color":"","overlay-opacity":"","overlay-gradient":""},"mobile":{"background-color":"","background-image":"","background-repeat":"repeat","background-position":"center center","background-size":"auto","background-attachment":"scroll","background-type":"","background-media":"","overlay-type":"","overlay-color":"","overlay-opacity":"","overlay-gradient":""}},"ast-content-background-meta":{"desktop":{"background-color":"var(--ast-global-color-5)","background-image":"","background-repeat":"repeat","background-position":"center center","background-size":"auto","background-attachment":"scroll","background-type":"","background-media":"","overlay-type":"","overlay-color":"","overlay-opacity":"","overlay-gradient":""},"tablet":{"background-color":"var(--ast-global-color-5)","background-image":"","background-repeat":"repeat","background-position":"center center","background-size":"auto","background-attachment":"scroll","background-type":"","background-media":"","overlay-type":"","overlay-color":"","overlay-opacity":"","overlay-gradient":""},"mobile":{"background-color":"var(--ast-global-color-5)","background-image":"","background-repeat":"repeat","background-position":"center center","background-size":"auto","background-attachment":"scroll","background-type":"","background-media":"","overlay-type":"","overlay-color":"","overlay-opacity":"","overlay-gradient":""}},"footnotes":""},"categories":[31,121,169,146,1,173,29],"tags":[],"class_list":["post-3102","post","type-post","status-publish","format-standard","has-post-thumbnail","hentry","category-ampa","category-adafp","category-batxillerat","category-departaments-educatius","category-general","category-noticies-cicles","category-portada"],"post_mailing_queue_ids":[],"_links":{"self":[{"href":"https:\/\/agora.xtec.cat\/inscanvilumara\/wp-json\/wp\/v2\/posts\/3102","targetHints":{"allow":["GET"]}}],"collection":[{"href":"https:\/\/agora.xtec.cat\/inscanvilumara\/wp-json\/wp\/v2\/posts"}],"about":[{"href":"https:\/\/agora.xtec.cat\/inscanvilumara\/wp-json\/wp\/v2\/types\/post"}],"author":[{"embeddable":true,"href":"https:\/\/agora.xtec.cat\/inscanvilumara\/wp-json\/wp\/v2\/users\/1"}],"replies":[{"embeddable":true,"href":"https:\/\/agora.xtec.cat\/inscanvilumara\/wp-json\/wp\/v2\/comments?post=3102"}],"version-history":[{"count":1,"href":"https:\/\/agora.xtec.cat\/inscanvilumara\/wp-json\/wp\/v2\/posts\/3102\/revisions"}],"predecessor-version":[{"id":3108,"href":"https:\/\/agora.xtec.cat\/inscanvilumara\/wp-json\/wp\/v2\/posts\/3102\/revisions\/3108"}],"wp:featuredmedia":[{"embeddable":true,"href":"https:\/\/agora.xtec.cat\/inscanvilumara\/wp-json\/wp\/v2\/media\/3107"}],"wp:attachment":[{"href":"https:\/\/agora.xtec.cat\/inscanvilumara\/wp-json\/wp\/v2\/media?parent=3102"}],"wp:term":[{"taxonomy":"category","embeddable":true,"href":"https:\/\/agora.xtec.cat\/inscanvilumara\/wp-json\/wp\/v2\/categories?post=3102"},{"taxonomy":"post_tag","embeddable":true,"href":"https:\/\/agora.xtec.cat\/inscanvilumara\/wp-json\/wp\/v2\/tags?post=3102"}],"curies":[{"name":"wp","href":"https:\/\/api.w.org\/{rel}","templated":true}]}}