{"id":10384,"date":"2026-04-30T18:12:09","date_gmt":"2026-04-30T16:12:09","guid":{"rendered":"https:\/\/agora.xtec.cat\/inscanvilumara\/?p=10384"},"modified":"2026-04-30T18:24:36","modified_gmt":"2026-04-30T16:24:36","slug":"comunicat-oficial-sobre-la-doble-titulacio-en-igualtat-de-genere-i-integracio-social","status":"publish","type":"post","link":"https:\/\/agora.xtec.cat\/inscanvilumara\/general\/comunicat-oficial-sobre-la-doble-titulacio-en-igualtat-de-genere-i-integracio-social\/","title":{"rendered":"Comunicat oficial sobre la Doble Titulaci\u00f3 en Igualtat de G\u00e8nere i Integraci\u00f3 Social"},"content":{"rendered":"<p>Amb la present comunicaci\u00f3 us informem que, un cop finalitzat el termini d&#8217;inscripci\u00f3 i revisades les sol\u00b7licituds rebudes a trav\u00e9s del formulari web relatiu a la Doble Titulaci\u00f3: <a href=\"https:\/\/agora.xtec.cat\/inscanvilumara\/general\/doble-titulacio-especialitzat-en-igualtat-de-genere-en-nomes-un-any\/\">Especialitza&#8217;t en Igualtat de G\u00e8nere en nom\u00e9s un any<\/a>, no ha estat possible tirar endavant aquesta oferta formativa per al proper per\u00edode.<\/p>\n<p>Aquesta situaci\u00f3 es deu al fet que no s&#8217;ha assolit el nombre m\u00ednim de preinscripcions necess\u00e0ries per garantir la viabilitat pedag\u00f2gica i l&#8217;obertura del grup.<\/p>\n<p>Des de l&#8217;Institut volem agrair l&#8217;inter\u00e8s de les persones que van omplir el formulari. Informem tamb\u00e9 que la direcci\u00f3 i coordinaci\u00f3 de cicles formatius contactar\u00e0 directament amb les persones interessades que complien els requisits per explicar-los la situaci\u00f3 de manera personalitzada.<\/p>\n<p>Continuem treballant per oferir noves oportunitats i itineraris que enriqueixin la formaci\u00f3 del nostre alumnat.<\/p>\n<p>Cordialment,<\/p>\n<p>Equip Directiu \/ Coordinacions de Cicles<br \/>\nInstitut Can Vilumara<a href=\"https:\/\/agora.xtec.cat\/inscanvilumara\/wp-content\/uploads\/usu1655\/2026\/04\/Hospitalet-canvilumara-6643-r.jpg\"><img loading=\"lazy\" decoding=\"async\" class=\"wp-image-10387 size-thumbnail alignright\" src=\"https:\/\/agora.xtec.cat\/inscanvilumara\/wp-content\/uploads\/usu1655\/2026\/04\/Hospitalet-canvilumara-6643-r-150x150.jpg\" alt=\"\" width=\"150\" height=\"150\" \/><\/a><\/p>\n","protected":false},"excerpt":{"rendered":"<p>Amb la present comunicaci\u00f3 us informem que, un cop finalitzat el termini d&#8217;inscripci\u00f3 i revisades les sol\u00b7licituds rebudes a trav\u00e9s del formulari web relatiu a la Doble Titulaci\u00f3: <a href=\"https:\/\/agora.xtec.cat\/inscanvilumara\/general\/doble-titulacio-especialitzat-en-igualtat-de-genere-en-nomes-un-any\/\">Especialitza&#8217;t en Igualtat de G\u00e8nere en nom\u00e9s un any<\/a>, no ha estat possible tirar endavant aquesta&hellip;  <a href=\"https:\/\/agora.xtec.cat\/inscanvilumara\/general\/comunicat-oficial-sobre-la-doble-titulacio-en-igualtat-de-genere-i-integracio-social\/\" title=\"Read Comunicat oficial sobre la Doble Titulaci\u00f3 en Igualtat de G\u00e8nere i Integraci\u00f3 Social\">Llegeix m\u00e9s\u00bb<\/a><\/p>\n","protected":false},"author":45,"featured_media":10387,"comment_status":"closed","ping_status":"open","sticky":true,"template":"","format":"standard","meta":{"_bbp_topic_count":0,"_bbp_reply_count":0,"_bbp_total_topic_count":0,"_bbp_total_reply_count":0,"_bbp_voice_count":0,"_bbp_anonymous_reply_count":0,"_bbp_topic_count_hidden":0,"_bbp_reply_count_hidden":0,"_bbp_forum_subforum_count":0,"footnotes":""},"categories":[168,1,173,29,144],"tags":[],"class_list":["post-10384","post","type-post","status-publish","format-standard","has-post-thumbnail","hentry","category-cicles-formatius","category-general","category-noticies-cicles","category-portada","category-serveis-a-la-comunitat"],"post_mailing_queue_ids":[],"_links":{"self":[{"href":"https:\/\/agora.xtec.cat\/inscanvilumara\/wp-json\/wp\/v2\/posts\/10384","targetHints":{"allow":["GET"]}}],"collection":[{"href":"https:\/\/agora.xtec.cat\/inscanvilumara\/wp-json\/wp\/v2\/posts"}],"about":[{"href":"https:\/\/agora.xtec.cat\/inscanvilumara\/wp-json\/wp\/v2\/types\/post"}],"author":[{"embeddable":true,"href":"https:\/\/agora.xtec.cat\/inscanvilumara\/wp-json\/wp\/v2\/users\/45"}],"replies":[{"embeddable":true,"href":"https:\/\/agora.xtec.cat\/inscanvilumara\/wp-json\/wp\/v2\/comments?post=10384"}],"version-history":[{"count":5,"href":"https:\/\/agora.xtec.cat\/inscanvilumara\/wp-json\/wp\/v2\/posts\/10384\/revisions"}],"predecessor-version":[{"id":10391,"href":"https:\/\/agora.xtec.cat\/inscanvilumara\/wp-json\/wp\/v2\/posts\/10384\/revisions\/10391"}],"wp:featuredmedia":[{"embeddable":true,"href":"https:\/\/agora.xtec.cat\/inscanvilumara\/wp-json\/wp\/v2\/media\/10387"}],"wp:attachment":[{"href":"https:\/\/agora.xtec.cat\/inscanvilumara\/wp-json\/wp\/v2\/media?parent=10384"}],"wp:term":[{"taxonomy":"category","embeddable":true,"href":"https:\/\/agora.xtec.cat\/inscanvilumara\/wp-json\/wp\/v2\/categories?post=10384"},{"taxonomy":"post_tag","embeddable":true,"href":"https:\/\/agora.xtec.cat\/inscanvilumara\/wp-json\/wp\/v2\/tags?post=10384"}],"curies":[{"name":"wp","href":"https:\/\/api.w.org\/{rel}","templated":true}]}}