{"id":139,"count":5,"description":"El\u00a0<strong>Departament d'Orientaci\u00f3 Educativa<\/strong>\u00a0(DOE) de l'Institut Can Vilumara, format per especialistes en psicopedagogia i psicologia, \u00e9s un \u00f2rgan especialitzat que recolza la labor del centre i del conjunt del professorat en totes aquelles actuacions encaminades a assegurar una formaci\u00f3 integral de l'alumnat i a l'adaptaci\u00f3 dels processos d'ensenyament a les caracter\u00edstiques i necessitats de tots.\r\n\r\n<i>El marc d'actuaci\u00f3 professional de l'especialista d'orientaci\u00f3 educativa es divideix en dos grans blocs: l'atenci\u00f3 directa a l'alumnat i el suport a la comunitat educativa (equip directiu i equip docent),<\/i>\r\n\r\n<i>Les funcions del DOE estan relacionades amb l\u2019orientaci\u00f3 acad\u00e8mica, psicopedag\u00f2gica i professional, amb l\u2019atenci\u00f3 a tot l\u2019alumnat i assessorament a les fam\u00edlies.<\/i>\r\n\r\nEL DOE de l'Institut Can Vilumara disposa d'un compte de correu electr\u00f2nic on poden adre\u00e7ar les seves consultes que estiguin relacionades amb les funcions d'aquest departament:\r\n\r\n<a href=\"mailto:doe@inscanvilumara.cat\">doe@inscanvilumara.cat<\/a>\r\n\r\n<a href=\"http:\/\/www.institutcanvilumara.cat\/images\/Unportal%20carta.pdf\" target=\"_blank\" rel=\"noopener noreferrer\">Document d'acc\u00e9s a Unportal<\/a>\r\n<h3>El departament est\u00e0 format\u00a0per professorat de l'especialitat d'orientaci\u00f3 educativa amb formaci\u00f3 en:<\/h3>\r\n<h4 style=\"padding-left: 30px;\">Psic\u00f2legs\/es<\/h4>\r\n<h4 style=\"padding-left: 30px;\">Psicopedagogs\/es<\/h4>\r\n<h4 style=\"padding-left: 30px;\">Pedagogs\/es<\/h4>\r\n<h4 style=\"padding-left: 30px;\">Integradora social<\/h4>\r\n<h4 style=\"padding-left: 30px;\"><\/h4>\r\n<strong>Cap de Departament: <\/strong>Gemma Vidal\r\n<div class=\"gmail_default\" dir=\"auto\"><strong>Membres: <\/strong><\/div>\r\n<div dir=\"auto\"><\/div>\r\n<div class=\"gmail_default\" dir=\"auto\"><strong>\u00a0Merc\u00e8 Bastida<\/strong><\/div>\r\n<div class=\"gmail_default\" dir=\"auto\"><strong>\u00a0Elena Meca<\/strong><\/div>\r\n<div class=\"gmail_default\" dir=\"auto\"><strong>\u00a0Juan Carlos Casta\u00f1o<\/strong><\/div>\r\n<div class=\"gmail_default\" dir=\"auto\"><strong>\u00a0Laura Moreno<\/strong><\/div>\r\n<div dir=\"auto\"><\/div>\r\n<div class=\"gmail_default\" dir=\"auto\"><strong>Suport Intensiu Escolaritzaci\u00f3 Inclusiva (SIEI): Gemma Vidal (tutora)<\/strong><\/div>\r\n<div class=\"gmail_default\" dir=\"auto\"><strong>Mar Folch<\/strong><\/div>\r\n<div class=\"gmail_default\" dir=\"auto\">\r\n\r\n&nbsp;\r\n\r\n<strong>Izaskun Reta (educadora)<\/strong>\r\n\r\n&nbsp;\r\n\r\n<\/div>\r\n<h4 style=\"padding-left: 30px;\"><\/h4>\r\n&nbsp;\r\n\r\n<strong>-Vetlladores:<\/strong>\r\n<div dir=\"auto\"><strong>Alba Rodr\u00edguez<\/strong><\/div>\r\n<div dir=\"auto\"><strong>Lupe Ruiz<\/strong><\/div>","link":"https:\/\/agora.xtec.cat\/inscanvilumara\/categoria\/departaments-educatius\/eso-i-batxillerat\/orientacio-educativa\/","name":"Orientaci\u00f3 Educativa","slug":"orientacio-educativa","taxonomy":"category","parent":167,"meta":[],"_links":{"self":[{"href":"https:\/\/agora.xtec.cat\/inscanvilumara\/wp-json\/wp\/v2\/categories\/139","targetHints":{"allow":["GET"]}}],"collection":[{"href":"https:\/\/agora.xtec.cat\/inscanvilumara\/wp-json\/wp\/v2\/categories"}],"about":[{"href":"https:\/\/agora.xtec.cat\/inscanvilumara\/wp-json\/wp\/v2\/taxonomies\/category"}],"up":[{"embeddable":true,"href":"https:\/\/agora.xtec.cat\/inscanvilumara\/wp-json\/wp\/v2\/categories\/167"}],"wp:post_type":[{"href":"https:\/\/agora.xtec.cat\/inscanvilumara\/wp-json\/wp\/v2\/posts?categories=139"}],"curies":[{"name":"wp","href":"https:\/\/api.w.org\/{rel}","templated":true}]}}