{"id":31785,"date":"2026-04-07T18:37:29","date_gmt":"2026-04-07T16:37:29","guid":{"rendered":"https:\/\/agora.xtec.cat\/insbitacola\/?p=31785"},"modified":"2026-04-07T11:38:09","modified_gmt":"2026-04-07T09:38:09","slug":"sortida-globalitzada-lalumnat-de-1r-deso-gaudeix-duna-jornada-dorientacio-al-parc-catalunya","status":"publish","type":"post","link":"https:\/\/agora.xtec.cat\/insbitacola\/general\/sortida-globalitzada-lalumnat-de-1r-deso-gaudeix-duna-jornada-dorientacio-al-parc-catalunya\/","title":{"rendered":"Sortida Globalitzada: L\u2019alumnat de 1r d\u2019ESO gaudeix d\u2019una jornada d\u2019orientaci\u00f3 al Parc Catalunya"},"content":{"rendered":"<p class=\"isSelectedEnd\" style=\"text-align: justify;\">L\u2019alumnat de 1r d\u2019ESO del nostre institut ha realitzat recentment una sortida al Parc Catalunya de Sabadell amb l\u2019objectiu de treballar l\u2019orientaci\u00f3 i el coneixement de l\u2019entorn d\u2019una manera pr\u00e0ctica i din\u00e0mica.<\/p>\n<p class=\"isSelectedEnd\" style=\"text-align: justify;\">La jornada va comen\u00e7ar amb un recorregut a peu des del centre educatiu fins al parc, promovent aix\u00ed tamb\u00e9 h\u00e0bits saludables i sostenibles. Un cop all\u00e0, els alumnes van iniciar l\u2019activitat amb una breu ruta d\u2019entrenament per familiaritzar-se amb el funcionament de les curses d\u2019orientaci\u00f3 i l\u2019\u00fas dels mapes.<\/p>\n<p class=\"isSelectedEnd\" style=\"text-align: justify;\">Despr\u00e9s d\u2019aquesta primera presa de contacte, van passar a realitzar diferents curses amb un nivell de dificultat m\u00e9s elevat, que inclo\u00efen aproximadament 25 fites que havien de localitzar repartides pel parc. L\u2019activitat va permetre posar en pr\u00e0ctica habilitats com la lectura de mapes, la presa de decisions i el treball en equip.<\/p>\n<p class=\"isSelectedEnd\" style=\"text-align: justify;\">Cal destacar que alguns alumnes van aconseguir completar el recorregut en un temps r\u00e8cord de nom\u00e9s 11 minuts, demostrant una gran capacitat d\u2019orientaci\u00f3 i agilitat.<\/p>\n<p class=\"isSelectedEnd\" style=\"text-align: justify;\">Un cop finalitzades les activitats, el grup va tornar cap al centre utilitzant el transport p\u00fablic, tancant aix\u00ed una jornada enriquidora tant a nivell educatiu com personal.<\/p>\n<p style=\"text-align: justify;\">Sens dubte, una experi\u00e8ncia molt positiva que combina aprenentatge, esport i conviv\u00e8ncia.<\/p>\n<p style=\"text-align: justify;\"><a href=\"https:\/\/agora.xtec.cat\/insbitacola\/wp-content\/uploads\/usu1329\/2026\/04\/1775408115667.jpg\"><img loading=\"lazy\" decoding=\"async\" class=\"size-large wp-image-31786 aligncenter\" src=\"https:\/\/agora.xtec.cat\/insbitacola\/wp-content\/uploads\/usu1329\/2026\/04\/1775408115667-1024x768.jpg\" alt=\"\" width=\"1024\" height=\"768\" srcset=\"https:\/\/agora.xtec.cat\/insbitacola\/wp-content\/uploads\/usu1329\/2026\/04\/1775408115667-1024x768.jpg 1024w, https:\/\/agora.xtec.cat\/insbitacola\/wp-content\/uploads\/usu1329\/2026\/04\/1775408115667-300x225.jpg 300w, https:\/\/agora.xtec.cat\/insbitacola\/wp-content\/uploads\/usu1329\/2026\/04\/1775408115667-768x576.jpg 768w, https:\/\/agora.xtec.cat\/insbitacola\/wp-content\/uploads\/usu1329\/2026\/04\/1775408115667-1536x1152.jpg 1536w, https:\/\/agora.xtec.cat\/insbitacola\/wp-content\/uploads\/usu1329\/2026\/04\/1775408115667-200x150.jpg 200w, https:\/\/agora.xtec.cat\/insbitacola\/wp-content\/uploads\/usu1329\/2026\/04\/1775408115667.jpg 2000w\" sizes=\"auto, (max-width: 1024px) 100vw, 1024px\" \/><\/a> <a href=\"https:\/\/agora.xtec.cat\/insbitacola\/wp-content\/uploads\/usu1329\/2026\/04\/1775408115685.jpg\"><img loading=\"lazy\" decoding=\"async\" class=\"size-large wp-image-31787 aligncenter\" src=\"https:\/\/agora.xtec.cat\/insbitacola\/wp-content\/uploads\/usu1329\/2026\/04\/1775408115685-1024x768.jpg\" alt=\"\" width=\"1024\" height=\"768\" srcset=\"https:\/\/agora.xtec.cat\/insbitacola\/wp-content\/uploads\/usu1329\/2026\/04\/1775408115685-1024x768.jpg 1024w, https:\/\/agora.xtec.cat\/insbitacola\/wp-content\/uploads\/usu1329\/2026\/04\/1775408115685-300x225.jpg 300w, https:\/\/agora.xtec.cat\/insbitacola\/wp-content\/uploads\/usu1329\/2026\/04\/1775408115685-768x576.jpg 768w, https:\/\/agora.xtec.cat\/insbitacola\/wp-content\/uploads\/usu1329\/2026\/04\/1775408115685-1536x1152.jpg 1536w, https:\/\/agora.xtec.cat\/insbitacola\/wp-content\/uploads\/usu1329\/2026\/04\/1775408115685-200x150.jpg 200w, https:\/\/agora.xtec.cat\/insbitacola\/wp-content\/uploads\/usu1329\/2026\/04\/1775408115685.jpg 2000w\" sizes=\"auto, (max-width: 1024px) 100vw, 1024px\" \/><\/a> <a href=\"https:\/\/agora.xtec.cat\/insbitacola\/wp-content\/uploads\/usu1329\/2026\/04\/1775408115507.jpg\"><img loading=\"lazy\" decoding=\"async\" class=\"size-large wp-image-31788 aligncenter\" src=\"https:\/\/agora.xtec.cat\/insbitacola\/wp-content\/uploads\/usu1329\/2026\/04\/1775408115507.jpg\" alt=\"\" width=\"1000\" height=\"750\" srcset=\"https:\/\/agora.xtec.cat\/insbitacola\/wp-content\/uploads\/usu1329\/2026\/04\/1775408115507.jpg 1000w, https:\/\/agora.xtec.cat\/insbitacola\/wp-content\/uploads\/usu1329\/2026\/04\/1775408115507-300x225.jpg 300w, https:\/\/agora.xtec.cat\/insbitacola\/wp-content\/uploads\/usu1329\/2026\/04\/1775408115507-768x576.jpg 768w, https:\/\/agora.xtec.cat\/insbitacola\/wp-content\/uploads\/usu1329\/2026\/04\/1775408115507-200x150.jpg 200w\" sizes=\"auto, (max-width: 1000px) 100vw, 1000px\" \/><\/a> <a href=\"https:\/\/agora.xtec.cat\/insbitacola\/wp-content\/uploads\/usu1329\/2026\/04\/1775408115569.jpg\"><img loading=\"lazy\" decoding=\"async\" class=\"size-large wp-image-31789 aligncenter\" src=\"https:\/\/agora.xtec.cat\/insbitacola\/wp-content\/uploads\/usu1329\/2026\/04\/1775408115569.jpg\" alt=\"\" width=\"1000\" height=\"750\" srcset=\"https:\/\/agora.xtec.cat\/insbitacola\/wp-content\/uploads\/usu1329\/2026\/04\/1775408115569.jpg 1000w, https:\/\/agora.xtec.cat\/insbitacola\/wp-content\/uploads\/usu1329\/2026\/04\/1775408115569-300x225.jpg 300w, https:\/\/agora.xtec.cat\/insbitacola\/wp-content\/uploads\/usu1329\/2026\/04\/1775408115569-768x576.jpg 768w, https:\/\/agora.xtec.cat\/insbitacola\/wp-content\/uploads\/usu1329\/2026\/04\/1775408115569-200x150.jpg 200w\" sizes=\"auto, (max-width: 1000px) 100vw, 1000px\" \/><\/a><\/p>\n","protected":false},"excerpt":{"rendered":"<p>L\u2019alumnat de 1r d\u2019ESO del nostre institut ha realitzat recentment una sortida al Parc Catalunya de Sabadell amb l\u2019objectiu de treballar l\u2019orientaci\u00f3 i el coneixement de l\u2019entorn d\u2019una manera pr\u00e0ctica i din\u00e0mica.<br \/>\nLa jornada va comen\u00e7ar amb un recorregut a peu des del centre educatiu fins&hellip;  <a href=\"https:\/\/agora.xtec.cat\/insbitacola\/general\/sortida-globalitzada-lalumnat-de-1r-deso-gaudeix-duna-jornada-dorientacio-al-parc-catalunya\/\" title=\"Read Sortida Globalitzada: L\u2019alumnat de 1r d\u2019ESO gaudeix d\u2019una jornada d\u2019orientaci\u00f3 al Parc Catalunya\">Llegeix m\u00e9s\u00bb<\/a><\/p>\n","protected":false},"author":51,"featured_media":31789,"comment_status":"open","ping_status":"open","sticky":false,"template":"","format":"standard","meta":{"_bbp_topic_count":0,"_bbp_reply_count":0,"_bbp_total_topic_count":0,"_bbp_total_reply_count":0,"_bbp_voice_count":0,"_bbp_anonymous_reply_count":0,"_bbp_topic_count_hidden":0,"_bbp_reply_count_hidden":0,"_bbp_forum_subforum_count":0,"footnotes":""},"categories":[4,106,1,29,113,393],"tags":[],"class_list":["post-31785","post","type-post","status-publish","format-standard","has-post-thumbnail","hentry","category-eso-1","category-educacio-fisica","category-general","category-portada","category-sortides","category-tutoria"],"post_mailing_queue_ids":[],"_links":{"self":[{"href":"https:\/\/agora.xtec.cat\/insbitacola\/wp-json\/wp\/v2\/posts\/31785","targetHints":{"allow":["GET"]}}],"collection":[{"href":"https:\/\/agora.xtec.cat\/insbitacola\/wp-json\/wp\/v2\/posts"}],"about":[{"href":"https:\/\/agora.xtec.cat\/insbitacola\/wp-json\/wp\/v2\/types\/post"}],"author":[{"embeddable":true,"href":"https:\/\/agora.xtec.cat\/insbitacola\/wp-json\/wp\/v2\/users\/51"}],"replies":[{"embeddable":true,"href":"https:\/\/agora.xtec.cat\/insbitacola\/wp-json\/wp\/v2\/comments?post=31785"}],"version-history":[{"count":2,"href":"https:\/\/agora.xtec.cat\/insbitacola\/wp-json\/wp\/v2\/posts\/31785\/revisions"}],"predecessor-version":[{"id":31793,"href":"https:\/\/agora.xtec.cat\/insbitacola\/wp-json\/wp\/v2\/posts\/31785\/revisions\/31793"}],"wp:featuredmedia":[{"embeddable":true,"href":"https:\/\/agora.xtec.cat\/insbitacola\/wp-json\/wp\/v2\/media\/31789"}],"wp:attachment":[{"href":"https:\/\/agora.xtec.cat\/insbitacola\/wp-json\/wp\/v2\/media?parent=31785"}],"wp:term":[{"taxonomy":"category","embeddable":true,"href":"https:\/\/agora.xtec.cat\/insbitacola\/wp-json\/wp\/v2\/categories?post=31785"},{"taxonomy":"post_tag","embeddable":true,"href":"https:\/\/agora.xtec.cat\/insbitacola\/wp-json\/wp\/v2\/tags?post=31785"}],"curies":[{"name":"wp","href":"https:\/\/api.w.org\/{rel}","templated":true}]}}