{"id":27629,"date":"2023-04-17T08:55:22","date_gmt":"2023-04-17T06:55:22","guid":{"rendered":"https:\/\/agora.xtec.cat\/insbitacola\/?p=27629"},"modified":"2023-04-17T08:55:22","modified_gmt":"2023-04-17T06:55:22","slug":"ja-arriba-el-bitacolaesmou-dia-de-leducacio-fisica-al-carrer","status":"publish","type":"post","link":"https:\/\/agora.xtec.cat\/insbitacola\/general\/ja-arriba-el-bitacolaesmou-dia-de-leducacio-fisica-al-carrer\/","title":{"rendered":"Ja arriba el #BITACOLAESMOU &#8211; Dia de l\u2019Educaci\u00f3 F\u00edsica al Carrer"},"content":{"rendered":"<p style=\"text-align: justify;\"><span style=\"font-weight: 400;\"><a href=\"https:\/\/agora.xtec.cat\/insbitacola\/wp-content\/uploads\/usu1329\/2023\/04\/DEFC-header-web-2048x694-1.png\"><img loading=\"lazy\" decoding=\"async\" class=\"alignnone size-full wp-image-27630\" src=\"https:\/\/agora.xtec.cat\/insbitacola\/wp-content\/uploads\/usu1329\/2023\/04\/DEFC-header-web-2048x694-1.png\" alt=\"\" width=\"1024\" height=\"347\" srcset=\"https:\/\/agora.xtec.cat\/insbitacola\/wp-content\/uploads\/usu1329\/2023\/04\/DEFC-header-web-2048x694-1.png 1024w, https:\/\/agora.xtec.cat\/insbitacola\/wp-content\/uploads\/usu1329\/2023\/04\/DEFC-header-web-2048x694-1-300x102.png 300w, https:\/\/agora.xtec.cat\/insbitacola\/wp-content\/uploads\/usu1329\/2023\/04\/DEFC-header-web-2048x694-1-768x260.png 768w\" sizes=\"auto, (max-width: 1024px) 100vw, 1024px\" \/><\/a><\/span><\/p>\n<p style=\"text-align: justify;\"><span style=\"font-weight: 400;\">El proper 26 d\u2019abril, l\u2019Institut Bit\u00e0cola es submergeix en unes jornades esportives per tota Barber\u00e0 per tal de celebrar el Dia de l\u2019Educaci\u00f3 F\u00edsica al Carrer.\u00a0<\/span><\/p>\n<p style=\"text-align: justify;\"><span style=\"font-weight: 400;\">En aquest dia, l\u2019alumnat \u00e9s barreja en grups de diferents nivells (1r-3r). Cada grup segueix una ruta ja assignada on hauran de realitzar diferents propostes d\u2019activitats f\u00edsiques. Per tant, el #Bitacolaesmou \u00e9s un moviment que a part de ser una proposta saludable, crea vincles entre tot l\u2019alumnat.\u00a0<\/span><\/p>\n<p style=\"text-align: justify;\"><span style=\"font-weight: 400;\">Els alumnes de 3r d\u2019ESO s\u2019encarreguen de dinamitzar l\u2019escalfament. En aquest moment, tots i totes posen a prova el que han apr\u00e8s durant el llarg dels dos trimestres: articulacions, m\u00fasculs, rutines d\u2019exercici\u2026\u00a0<\/span><\/p>\n<p style=\"text-align: justify;\"><span style=\"font-weight: 400;\">Per una altra banda, l\u2019alumnat de 4t d\u2019ESO t\u00e9 dues important\u00edssimes tasques a fer durant la preparaci\u00f3 i dinamitzaci\u00f3 del #Biitcolaesmou. Primerament, per grups, van haver de dissenyar o modificar un esport\/activitat f\u00edsica per tal que sigui m\u00e9s din\u00e0mica i divertida. A m\u00e9s, totes les activitats han de promoure uns valors (treball en equip, solidaritat\u2026). Una vegada ja hi havia entorn d&#8217;unes 22 activitats, seria moment d\u2019organitzar la jornada. El professorat d\u2019Educaci\u00f3 F\u00edsica, ha proposat un seguit de tasques a realitzar. Cada alumne s\u2019ha responsabilitzat d\u2019una i per petits grups s\u2019ha comen\u00e7at a treballar. Algunes de les tasques proposades han estat: Intervenci\u00f3 a la R\u00e0dio Barber\u00e0, V\u00eddeo Resum del Ball, Redacci\u00f3 de les Not\u00edcies o la Invenci\u00f3 dels recorreguts, disseny de les fitxes organitzatives de cada grup\u2026<\/span><\/p>\n<p style=\"text-align: justify;\"><span style=\"font-weight: 400;\">Ara que ja tenim tot a punt, \u00e9s hora que arribi el dia per celebrar el #Bitacolaesmou! Us hi esperem a tots\/es!<\/span><\/p>\n<p style=\"text-align: justify;\"><em><span style=\"font-weight: 400;\">Article redactat per V\u00edctor L\u00f3pez &#8211; 4tB<\/span><\/em><\/p>\n","protected":false},"excerpt":{"rendered":"<p>El proper 26 d\u2019abril, l\u2019Institut Bit\u00e0cola es submergeix en unes jornades esportives per tota Barber\u00e0 per tal de celebrar el Dia de l\u2019Educaci\u00f3 F\u00edsica al Carrer.\u00a0 En aquest dia, l\u2019alumnat \u00e9s barreja en grups de diferents nivells (1r-3r). Cada grup segueix una ruta ja assignada on hauran de realitzar diferents propostes d\u2019activitats f\u00edsiques. Per tant, [&hellip;]<\/p>\n","protected":false},"author":23,"featured_media":27630,"comment_status":"open","ping_status":"closed","sticky":false,"template":"","format":"standard","meta":{"_bbp_topic_count":0,"_bbp_reply_count":0,"_bbp_total_topic_count":0,"_bbp_total_reply_count":0,"_bbp_voice_count":0,"_bbp_anonymous_reply_count":0,"_bbp_topic_count_hidden":0,"_bbp_reply_count_hidden":0,"_bbp_forum_subforum_count":0,"site-sidebar-layout":"default","site-content-layout":"","ast-site-content-layout":"","site-content-style":"default","site-sidebar-style":"default","ast-global-header-display":"","ast-banner-title-visibility":"","ast-main-header-display":"","ast-hfb-above-header-display":"","ast-hfb-below-header-display":"","ast-hfb-mobile-header-display":"","site-post-title":"","ast-breadcrumbs-content":"","ast-featured-img":"","footer-sml-layout":"","theme-transparent-header-meta":"","adv-header-id-meta":"","stick-header-meta":"","header-above-stick-meta":"","header-main-stick-meta":"","header-below-stick-meta":"","astra-migrate-meta-layouts":"default","ast-page-background-enabled":"default","ast-page-background-meta":{"desktop":{"background-color":"var(--ast-global-color-4)","background-image":"","background-repeat":"repeat","background-position":"center center","background-size":"auto","background-attachment":"scroll","background-type":"","background-media":"","overlay-type":"","overlay-color":"","overlay-opacity":"","overlay-gradient":""},"tablet":{"background-color":"","background-image":"","background-repeat":"repeat","background-position":"center center","background-size":"auto","background-attachment":"scroll","background-type":"","background-media":"","overlay-type":"","overlay-color":"","overlay-opacity":"","overlay-gradient":""},"mobile":{"background-color":"","background-image":"","background-repeat":"repeat","background-position":"center center","background-size":"auto","background-attachment":"scroll","background-type":"","background-media":"","overlay-type":"","overlay-color":"","overlay-opacity":"","overlay-gradient":""}},"ast-content-background-meta":{"desktop":{"background-color":"var(--ast-global-color-5)","background-image":"","background-repeat":"repeat","background-position":"center center","background-size":"auto","background-attachment":"scroll","background-type":"","background-media":"","overlay-type":"","overlay-color":"","overlay-opacity":"","overlay-gradient":""},"tablet":{"background-color":"var(--ast-global-color-5)","background-image":"","background-repeat":"repeat","background-position":"center center","background-size":"auto","background-attachment":"scroll","background-type":"","background-media":"","overlay-type":"","overlay-color":"","overlay-opacity":"","overlay-gradient":""},"mobile":{"background-color":"var(--ast-global-color-5)","background-image":"","background-repeat":"repeat","background-position":"center center","background-size":"auto","background-attachment":"scroll","background-type":"","background-media":"","overlay-type":"","overlay-color":"","overlay-opacity":"","overlay-gradient":""}},"footnotes":""},"categories":[4,98,107,114,106,105,1,29,113],"tags":[],"class_list":["post-27629","post","type-post","status-publish","format-standard","has-post-thumbnail","hentry","category-eso-1","category-eso-2","category-eso-3","category-eso-4","category-educacio-fisica","category-espai-de-participacio","category-general","category-portada","category-sortides"],"post_mailing_queue_ids":[],"_links":{"self":[{"href":"https:\/\/agora.xtec.cat\/insbitacola\/wp-json\/wp\/v2\/posts\/27629","targetHints":{"allow":["GET"]}}],"collection":[{"href":"https:\/\/agora.xtec.cat\/insbitacola\/wp-json\/wp\/v2\/posts"}],"about":[{"href":"https:\/\/agora.xtec.cat\/insbitacola\/wp-json\/wp\/v2\/types\/post"}],"author":[{"embeddable":true,"href":"https:\/\/agora.xtec.cat\/insbitacola\/wp-json\/wp\/v2\/users\/23"}],"replies":[{"embeddable":true,"href":"https:\/\/agora.xtec.cat\/insbitacola\/wp-json\/wp\/v2\/comments?post=27629"}],"version-history":[{"count":3,"href":"https:\/\/agora.xtec.cat\/insbitacola\/wp-json\/wp\/v2\/posts\/27629\/revisions"}],"predecessor-version":[{"id":27633,"href":"https:\/\/agora.xtec.cat\/insbitacola\/wp-json\/wp\/v2\/posts\/27629\/revisions\/27633"}],"wp:featuredmedia":[{"embeddable":true,"href":"https:\/\/agora.xtec.cat\/insbitacola\/wp-json\/wp\/v2\/media\/27630"}],"wp:attachment":[{"href":"https:\/\/agora.xtec.cat\/insbitacola\/wp-json\/wp\/v2\/media?parent=27629"}],"wp:term":[{"taxonomy":"category","embeddable":true,"href":"https:\/\/agora.xtec.cat\/insbitacola\/wp-json\/wp\/v2\/categories?post=27629"},{"taxonomy":"post_tag","embeddable":true,"href":"https:\/\/agora.xtec.cat\/insbitacola\/wp-json\/wp\/v2\/tags?post=27629"}],"curies":[{"name":"wp","href":"https:\/\/api.w.org\/{rel}","templated":true}]}}