{"id":21214,"date":"2021-03-24T07:55:50","date_gmt":"2021-03-24T06:55:50","guid":{"rendered":"http:\/\/agora.xtec.cat\/insbitacola\/?p=21214"},"modified":"2021-03-24T06:58:19","modified_gmt":"2021-03-24T05:58:19","slug":"cartoneras-cap-a-un-nou-concepte-de-llibre","status":"publish","type":"post","link":"https:\/\/agora.xtec.cat\/insbitacola\/general\/cartoneras-cap-a-un-nou-concepte-de-llibre\/","title":{"rendered":"Cartoneras: cap a un nou concepte de llibre."},"content":{"rendered":"<p style=\"text-align: justify;\">Aquest IP\u00a0est\u00e0 dedicat a un dels millors invents de la humanitat: el llibre. Respecte a aix\u00f2, en aquest trimestre vam fer una doble proposta molt innovadora. En la primera part del curs, vam con\u00e8ixer la hist\u00f2ria del llibre aprenent tres de les t\u00e8cniques d&#8217;escriptura i difusi\u00f3 del coneixement m\u00e9s utilitzades al llarg de la hist\u00f2ria: el papir, el manuscrit i la xilografia. En canvi, en la segona part del curs, ens hem aproximat al projecte\u00a0CARTONERAS. Es tracta d&#8217;una iniciativa que en temps de crisi a Argentina va possibilitar que la gent afectada greument per la crisi pogu\u00e9s accedir a la lectura i que les escriptores menys reconegudes tinguessin la possibilitat de publicar-los. Aquest projecte es va difondre en tota Llatinoam\u00e8rica i va arribar fins al barri G\u00f2tic de Barcelona. Aqu\u00ed va n\u00e9ixer en 2013 la Ver\u00f2nica Cartonera, una petita editorial que reivindica la idea d&#8217;escriure, maquetar i crear llibres de forma artesanal, aprofitant cart\u00f3 reutilitzat fins a Europa i tamb\u00e9 en el Barri G\u00f2tic on va n\u00e9ixer la Ver\u00f2nica Cartonera.<\/p>\n<p style=\"text-align: justify;\">Durant els tres tallers l&#8217;alumnat es va organitzar en sis grups, dos per cada t\u00e8cnica. Cadascun d&#8217;ells va tenir la possibilitat no sols de con\u00e8ixer les t\u00e8cniques i els materials originals utilitzats al llarg de la hist\u00f2ria, sin\u00f3 tamb\u00e9 d&#8217;adaptar i experimentar la seva reproducci\u00f3 contempor\u00e0nia utilitzant materials nous. En el cas de la t\u00e8cnica eg\u00edpcia, els petits artesans van escriure els textos \u00abBit\u00e0cola\u00bb i\u00a0\u00abjunts anem m\u00e9s lluny&#8221;\u00a0en s\u00edmbols jerogl\u00edfics reprodu\u00efts sobre un papir fet amb gases i cart\u00f3.<\/p>\n<p style=\"text-align: justify;\">En el taller del manuscrit, l&#8217;alumnat va crear amb paper d&#8217;aquarel\u00b7la i caf\u00e8 un suport molt semblant al pergam\u00ed medieval. Aquest es va aprofitar per crear precioses il\u00b7lustracions, motius geom\u00e8trics embellits amb detalls platejats i daurats i cridaneres tipografies de l&#8217;edat mitjana.<\/p>\n<p style=\"text-align: justify;\">Pel que fa\u00a0el taller de la\u00a0xilograf\u00eda, l&#8217;alumnat va a\u00a0coneixer\u00a0practicament\u00a0la antigua\u00a0t\u00e9cnica\u00a0de gravat sobre fusta utilitzant unes planxes de\u00a0lin\u00f3leum. A partir d&#8217;aquestes va realitzar una\u00a0impresi\u00f3\u00a0del logo de la ciutat de\u00a0Barbar\u00e0\u00a0del\u00a0Valles\u00a0i una representaci\u00f3 de Sant Jordi.<\/p>\n<p style=\"text-align: justify;\">Finalment,\u00a0gracies\u00a0al coneixement\u00a0apres\u00a0i les\u00a0competencies\u00a0assolides\u00a0durants\u00a0els tallers, l&#8217;alumnat ha tingut la possibilitat de participar\u00a0colaborativament\u00a0a la creaci\u00f3 d&#8217;un llibre a partir de material reciclat. Aqu\u00ed us presentem:\u00a0Histories\u00a0de\u00a0millenials\u00a0en temps de Covid.<\/p>\n<p style=\"text-align: justify;\"><a href=\"https:\/\/agora.xtec.cat\/insbitacola\/wp-content\/uploads\/usu1329\/2021\/03\/Foto-noticia5.jpg\"><img loading=\"lazy\" decoding=\"async\" class=\"alignnone size-large wp-image-21250\" src=\"https:\/\/agora.xtec.cat\/insbitacola\/wp-content\/uploads\/usu1329\/2021\/03\/Foto-noticia5-1024x683.jpg\" alt=\"\" width=\"1024\" height=\"683\" srcset=\"https:\/\/agora.xtec.cat\/insbitacola\/wp-content\/uploads\/usu1329\/2021\/03\/Foto-noticia5.jpg 1024w, https:\/\/agora.xtec.cat\/insbitacola\/wp-content\/uploads\/usu1329\/2021\/03\/Foto-noticia5-300x200.jpg 300w, https:\/\/agora.xtec.cat\/insbitacola\/wp-content\/uploads\/usu1329\/2021\/03\/Foto-noticia5-768x512.jpg 768w\" sizes=\"auto, (max-width: 1024px) 100vw, 1024px\" \/><\/a> <a href=\"https:\/\/agora.xtec.cat\/insbitacola\/wp-content\/uploads\/usu1329\/2021\/03\/Foto-noticia4.jpg\"><img loading=\"lazy\" decoding=\"async\" class=\"alignnone size-large wp-image-21249\" src=\"https:\/\/agora.xtec.cat\/insbitacola\/wp-content\/uploads\/usu1329\/2021\/03\/Foto-noticia4-1024x683.jpg\" alt=\"\" width=\"1024\" height=\"683\" srcset=\"https:\/\/agora.xtec.cat\/insbitacola\/wp-content\/uploads\/usu1329\/2021\/03\/Foto-noticia4.jpg 1024w, https:\/\/agora.xtec.cat\/insbitacola\/wp-content\/uploads\/usu1329\/2021\/03\/Foto-noticia4-300x200.jpg 300w, https:\/\/agora.xtec.cat\/insbitacola\/wp-content\/uploads\/usu1329\/2021\/03\/Foto-noticia4-768x512.jpg 768w\" sizes=\"auto, (max-width: 1024px) 100vw, 1024px\" \/><\/a> <a href=\"https:\/\/agora.xtec.cat\/insbitacola\/wp-content\/uploads\/usu1329\/2021\/03\/Foto-noticia3.jpg\"><img loading=\"lazy\" decoding=\"async\" class=\"alignnone size-large wp-image-21248\" src=\"https:\/\/agora.xtec.cat\/insbitacola\/wp-content\/uploads\/usu1329\/2021\/03\/Foto-noticia3-1024x683.jpg\" alt=\"\" width=\"1024\" height=\"683\" srcset=\"https:\/\/agora.xtec.cat\/insbitacola\/wp-content\/uploads\/usu1329\/2021\/03\/Foto-noticia3.jpg 1024w, https:\/\/agora.xtec.cat\/insbitacola\/wp-content\/uploads\/usu1329\/2021\/03\/Foto-noticia3-300x200.jpg 300w, https:\/\/agora.xtec.cat\/insbitacola\/wp-content\/uploads\/usu1329\/2021\/03\/Foto-noticia3-768x512.jpg 768w\" sizes=\"auto, (max-width: 1024px) 100vw, 1024px\" \/><\/a> <a href=\"https:\/\/agora.xtec.cat\/insbitacola\/wp-content\/uploads\/usu1329\/2021\/03\/Foto-noticia2.jpg\"><img loading=\"lazy\" decoding=\"async\" class=\"alignnone size-large wp-image-21247\" src=\"https:\/\/agora.xtec.cat\/insbitacola\/wp-content\/uploads\/usu1329\/2021\/03\/Foto-noticia2-1024x683.jpg\" alt=\"\" width=\"1024\" height=\"683\" srcset=\"https:\/\/agora.xtec.cat\/insbitacola\/wp-content\/uploads\/usu1329\/2021\/03\/Foto-noticia2.jpg 1024w, https:\/\/agora.xtec.cat\/insbitacola\/wp-content\/uploads\/usu1329\/2021\/03\/Foto-noticia2-300x200.jpg 300w, https:\/\/agora.xtec.cat\/insbitacola\/wp-content\/uploads\/usu1329\/2021\/03\/Foto-noticia2-768x512.jpg 768w\" sizes=\"auto, (max-width: 1024px) 100vw, 1024px\" \/><\/a> <a href=\"https:\/\/agora.xtec.cat\/insbitacola\/wp-content\/uploads\/usu1329\/2021\/03\/foto-noticia1.jpg\"><img loading=\"lazy\" decoding=\"async\" class=\"alignnone size-large wp-image-21246\" src=\"https:\/\/agora.xtec.cat\/insbitacola\/wp-content\/uploads\/usu1329\/2021\/03\/foto-noticia1-683x1024.jpg\" alt=\"\" width=\"683\" height=\"1024\" srcset=\"https:\/\/agora.xtec.cat\/insbitacola\/wp-content\/uploads\/usu1329\/2021\/03\/foto-noticia1.jpg 683w, https:\/\/agora.xtec.cat\/insbitacola\/wp-content\/uploads\/usu1329\/2021\/03\/foto-noticia1-200x300.jpg 200w\" sizes=\"auto, (max-width: 683px) 100vw, 683px\" \/><\/a><\/p>\n<p style=\"text-align: justify;\">\n","protected":false},"excerpt":{"rendered":"<p>Aquest IP\u00a0est\u00e0 dedicat a un dels millors invents de la humanitat: el llibre. Respecte a aix\u00f2, en aquest trimestre vam fer una doble proposta molt innovadora. En la primera part del curs, vam con\u00e8ixer la hist\u00f2ria del llibre aprenent tres de les t\u00e8cniques d&#8217;escriptura i&hellip;  <a href=\"https:\/\/agora.xtec.cat\/insbitacola\/general\/cartoneras-cap-a-un-nou-concepte-de-llibre\/\" title=\"Read Cartoneras: cap a un nou concepte de llibre.\">Llegeix m\u00e9s\u00bb<\/a><\/p>\n","protected":false},"author":1,"featured_media":21246,"comment_status":"open","ping_status":"closed","sticky":false,"template":"","format":"standard","meta":{"_bbp_topic_count":0,"_bbp_reply_count":0,"_bbp_total_topic_count":0,"_bbp_total_reply_count":0,"_bbp_voice_count":0,"_bbp_anonymous_reply_count":0,"_bbp_topic_count_hidden":0,"_bbp_reply_count_hidden":0,"_bbp_forum_subforum_count":0,"footnotes":""},"categories":[114,1,120,29],"tags":[],"class_list":["post-21214","post","type-post","status-publish","format-standard","has-post-thumbnail","hentry","category-eso-4","category-general","category-itineraris-personals","category-portada"],"post_mailing_queue_ids":[],"_links":{"self":[{"href":"https:\/\/agora.xtec.cat\/insbitacola\/wp-json\/wp\/v2\/posts\/21214","targetHints":{"allow":["GET"]}}],"collection":[{"href":"https:\/\/agora.xtec.cat\/insbitacola\/wp-json\/wp\/v2\/posts"}],"about":[{"href":"https:\/\/agora.xtec.cat\/insbitacola\/wp-json\/wp\/v2\/types\/post"}],"author":[{"embeddable":true,"href":"https:\/\/agora.xtec.cat\/insbitacola\/wp-json\/wp\/v2\/users\/1"}],"replies":[{"embeddable":true,"href":"https:\/\/agora.xtec.cat\/insbitacola\/wp-json\/wp\/v2\/comments?post=21214"}],"version-history":[{"count":3,"href":"https:\/\/agora.xtec.cat\/insbitacola\/wp-json\/wp\/v2\/posts\/21214\/revisions"}],"predecessor-version":[{"id":21287,"href":"https:\/\/agora.xtec.cat\/insbitacola\/wp-json\/wp\/v2\/posts\/21214\/revisions\/21287"}],"wp:featuredmedia":[{"embeddable":true,"href":"https:\/\/agora.xtec.cat\/insbitacola\/wp-json\/wp\/v2\/media\/21246"}],"wp:attachment":[{"href":"https:\/\/agora.xtec.cat\/insbitacola\/wp-json\/wp\/v2\/media?parent=21214"}],"wp:term":[{"taxonomy":"category","embeddable":true,"href":"https:\/\/agora.xtec.cat\/insbitacola\/wp-json\/wp\/v2\/categories?post=21214"},{"taxonomy":"post_tag","embeddable":true,"href":"https:\/\/agora.xtec.cat\/insbitacola\/wp-json\/wp\/v2\/tags?post=21214"}],"curies":[{"name":"wp","href":"https:\/\/api.w.org\/{rel}","templated":true}]}}